{"id":187300,"date":"2023-08-28T15:12:42","date_gmt":"2023-08-28T21:12:42","guid":{"rendered":"https:\/\/galeriaseltriunfo.com\/?p=187300"},"modified":"2023-08-28T15:12:42","modified_gmt":"2023-08-28T21:12:42","slug":"hoy-es-el-dia-del-abuelito","status":"publish","type":"post","link":"https:\/\/galeriaseltriunfo.com\/dev2\/hoy-es-el-dia-del-abuelito\/","title":{"rendered":"\u00a1Hoy es el D\u00eda del Abuelito!"},"content":{"rendered":"<h1 style=\"text-align: center\"><span style=\"color: #3366ff\">D\u00cdA DEL ABUELITO EN M\u00c9XICO<\/span><\/h1>\n<p>&nbsp;<\/p>\n<h3 style=\"padding-left: 40px\"><a href=\"https:\/\/bit.ly\/3EggZI0\"><span style=\"color: #008080\"><strong>\u00a1Felicidades a todos nuestros abuelitos!<\/strong><\/span><\/a><\/h3>\n<h3 style=\"padding-left: 40px\">El D\u00eda del Abuelo se celebra en M\u00e9xico cada 28 de agosto. Esta conmemoraci\u00f3n nace para recordar la noble labor familiar y la importancia para sus nietos y dem\u00e1s familiares.<br \/>\nLos abuelos brindan ayuda y apoyo emocional a las familias. Seg\u00fan la Encuesta Nacional de Empleo y Seguridad Social, 61% de los ni\u00f1os mexicanos son cuidados por sus abuelos.<\/h3>\n<h3><\/h3>\n<p style=\"padding-left: 40px\"><img decoding=\"async\" class=\"wp-image-187301 alignleft\" src=\"https:\/\/galeriaseltriunfo.com\/wp-content\/uploads\/2023\/08\/WhatsApp-Image-2023-08-26-at-2.55.04-PM-600x600.jpeg.webp\" alt=\"D\u00eda del abuel\" width=\"356\" height=\"356\" srcset=\"https:\/\/galeriaseltriunfo.com\/dev2\/wp-content\/uploads\/2023\/08\/WhatsApp-Image-2023-08-26-at-2.55.04-PM-64x64.jpeg.webp 64w, https:\/\/galeriaseltriunfo.com\/dev2\/wp-content\/uploads\/2023\/08\/WhatsApp-Image-2023-08-26-at-2.55.04-PM-66x66.jpeg 66w, https:\/\/galeriaseltriunfo.com\/dev2\/wp-content\/uploads\/2023\/08\/WhatsApp-Image-2023-08-26-at-2.55.04-PM-100x100.jpeg.webp 100w, https:\/\/galeriaseltriunfo.com\/dev2\/wp-content\/uploads\/2023\/08\/WhatsApp-Image-2023-08-26-at-2.55.04-PM-150x150.jpeg.webp 150w, https:\/\/galeriaseltriunfo.com\/dev2\/wp-content\/uploads\/2023\/08\/WhatsApp-Image-2023-08-26-at-2.55.04-PM-200x200.jpeg.webp 200w, https:\/\/galeriaseltriunfo.com\/dev2\/wp-content\/uploads\/2023\/08\/WhatsApp-Image-2023-08-26-at-2.55.04-PM-300x300.jpeg.webp 300w, https:\/\/galeriaseltriunfo.com\/dev2\/wp-content\/uploads\/2023\/08\/WhatsApp-Image-2023-08-26-at-2.55.04-PM-400x400.jpeg.webp 400w, https:\/\/galeriaseltriunfo.com\/dev2\/wp-content\/uploads\/2023\/08\/WhatsApp-Image-2023-08-26-at-2.55.04-PM-500x500.jpeg.webp 500w, https:\/\/galeriaseltriunfo.com\/dev2\/wp-content\/uploads\/2023\/08\/WhatsApp-Image-2023-08-26-at-2.55.04-PM-600x600.jpeg.webp 600w, https:\/\/galeriaseltriunfo.com\/dev2\/wp-content\/uploads\/2023\/08\/WhatsApp-Image-2023-08-26-at-2.55.04-PM-700x700.jpeg.webp 700w, https:\/\/galeriaseltriunfo.com\/dev2\/wp-content\/uploads\/2023\/08\/WhatsApp-Image-2023-08-26-at-2.55.04-PM-768x768.jpeg 768w, https:\/\/galeriaseltriunfo.com\/dev2\/wp-content\/uploads\/2023\/08\/WhatsApp-Image-2023-08-26-at-2.55.04-PM-800x800.jpeg.webp 800w, https:\/\/galeriaseltriunfo.com\/dev2\/wp-content\/uploads\/2023\/08\/WhatsApp-Image-2023-08-26-at-2.55.04-PM-1024x1024.jpeg 1024w, https:\/\/galeriaseltriunfo.com\/dev2\/wp-content\/uploads\/2023\/08\/WhatsApp-Image-2023-08-26-at-2.55.04-PM-1200x1200.jpeg.webp 1200w, https:\/\/galeriaseltriunfo.com\/dev2\/wp-content\/uploads\/2023\/08\/WhatsApp-Image-2023-08-26-at-2.55.04-PM.jpeg.webp 1280w\" sizes=\"(max-width: 356px) 100vw, 356px\" \/><\/p>\n<h3 style=\"padding-left: 80px\"><em><span style=\"color: #3366ff\"><strong>\u00bfC\u00f3mo celebrar a nuestros abuelos?<br \/>\n<\/strong><\/span><\/em>Para <a href=\"https:\/\/galeriaseltriunfo.com\/?s=flores&amp;post_type%5B%5D=any&amp;search_limit_to_post_titles=0&amp;fs=1\">celebrar<\/a> a tus abuelitos sigue nuestros consejos para hacer de este d\u00eda algo muy especial:<\/h3>\n<blockquote>\n<ol>\n<li style=\"list-style-type: none\">\n<ol>\n<li style=\"list-style-type: none\">\n<ol>\n<li>\n<h3 style=\"text-align: left\">Puedes consentirlos con un rico desayuno, comida o cena.<\/h3>\n<\/li>\n<li>\n<h3>Invitarlos a salir de paseo, o a un lugar de su agrado.<\/h3>\n<\/li>\n<li>\n<h3>Aprovecha para <a href=\"https:\/\/galeriaseltriunfo.com\/tienda\/\">obsequiarles alg\u00fan articulo que haga de su vida m\u00e1s practica<\/a> o les traiga muy <a href=\"https:\/\/galeriaseltriunfo.com\/?s=porta+retratos&amp;post_type%5B%5D=any&amp;search_limit_to_post_titles=0&amp;fs=1\">bonitos recuerdos.<\/a><\/h3>\n<\/li>\n<li>\n<h3>Acompa\u00f1arlos a ver pel\u00edculas cl\u00e1sicas o escuchar sus viejos discos.<\/h3>\n<\/li>\n<li>\n<h3>Tiempo de calidad todos los seres queridos.<\/h3>\n<p><img decoding=\"async\" class=\"wp-image-187281 size-medium alignright\" src=\"https:\/\/galeriaseltriunfo.com\/wp-content\/uploads\/2023\/08\/Tributo-a-los-abuelos-en-Galerias-El-Triunfo-300x225.jpg.webp\" alt=\"\" width=\"300\" height=\"225\" srcset=\"https:\/\/galeriaseltriunfo.com\/dev2\/wp-content\/uploads\/2023\/08\/Tributo-a-los-abuelos-en-Galerias-El-Triunfo-64x48.jpg 64w, https:\/\/galeriaseltriunfo.com\/dev2\/wp-content\/uploads\/2023\/08\/Tributo-a-los-abuelos-en-Galerias-El-Triunfo-200x150.jpg 200w, https:\/\/galeriaseltriunfo.com\/dev2\/wp-content\/uploads\/2023\/08\/Tributo-a-los-abuelos-en-Galerias-El-Triunfo-300x225.jpg.webp 300w, https:\/\/galeriaseltriunfo.com\/dev2\/wp-content\/uploads\/2023\/08\/Tributo-a-los-abuelos-en-Galerias-El-Triunfo-400x300.jpg 400w, https:\/\/galeriaseltriunfo.com\/dev2\/wp-content\/uploads\/2023\/08\/Tributo-a-los-abuelos-en-Galerias-El-Triunfo-600x450.jpg 600w, https:\/\/galeriaseltriunfo.com\/dev2\/wp-content\/uploads\/2023\/08\/Tributo-a-los-abuelos-en-Galerias-El-Triunfo-700x525.jpg.webp 700w, https:\/\/galeriaseltriunfo.com\/dev2\/wp-content\/uploads\/2023\/08\/Tributo-a-los-abuelos-en-Galerias-El-Triunfo-768x576.jpg.webp 768w, https:\/\/galeriaseltriunfo.com\/dev2\/wp-content\/uploads\/2023\/08\/Tributo-a-los-abuelos-en-Galerias-El-Triunfo-800x600.jpg 800w, https:\/\/galeriaseltriunfo.com\/dev2\/wp-content\/uploads\/2023\/08\/Tributo-a-los-abuelos-en-Galerias-El-Triunfo-1024x768.jpg.webp 1024w, https:\/\/galeriaseltriunfo.com\/dev2\/wp-content\/uploads\/2023\/08\/Tributo-a-los-abuelos-en-Galerias-El-Triunfo-1200x900.jpg 1200w, https:\/\/galeriaseltriunfo.com\/dev2\/wp-content\/uploads\/2023\/08\/Tributo-a-los-abuelos-en-Galerias-El-Triunfo-1536x1152.jpg 1536w, https:\/\/galeriaseltriunfo.com\/dev2\/wp-content\/uploads\/2023\/08\/Tributo-a-los-abuelos-en-Galerias-El-Triunfo.jpg.webp 1600w\" sizes=\"(max-width: 300px) 100vw, 300px\" \/><\/p>\n<h3>\n<p>Asegurate que pasen un d\u00eda inolvidable, disfruta mucho su compa\u00f1\u00eda y divi\u00e9rtete con ellos a lo grande, recuerda que hoy es su d\u00eda, pero todos los d\u00edas debes recordarles lo importante que son en tu vida.<\/h3>\n<\/li>\n<\/ol>\n<\/li>\n<\/ol>\n<\/li>\n<\/ol>\n<p><img decoding=\"async\" class=\"wp-image-187278 alignleft\" src=\"https:\/\/galeriaseltriunfo.com\/wp-content\/uploads\/2023\/08\/Dia-de-los-abuelos-en-Galerias-el-Triunfo-169x300.jpg\" alt=\"\" width=\"205\" height=\"364\" srcset=\"https:\/\/galeriaseltriunfo.com\/dev2\/wp-content\/uploads\/2023\/08\/Dia-de-los-abuelos-en-Galerias-el-Triunfo-64x114.jpg 64w, https:\/\/galeriaseltriunfo.com\/dev2\/wp-content\/uploads\/2023\/08\/Dia-de-los-abuelos-en-Galerias-el-Triunfo-169x300.jpg 169w, https:\/\/galeriaseltriunfo.com\/dev2\/wp-content\/uploads\/2023\/08\/Dia-de-los-abuelos-en-Galerias-el-Triunfo-200x356.jpg 200w, https:\/\/galeriaseltriunfo.com\/dev2\/wp-content\/uploads\/2023\/08\/Dia-de-los-abuelos-en-Galerias-el-Triunfo-400x711.jpg 400w, https:\/\/galeriaseltriunfo.com\/dev2\/wp-content\/uploads\/2023\/08\/Dia-de-los-abuelos-en-Galerias-el-Triunfo-576x1024.jpg 576w, https:\/\/galeriaseltriunfo.com\/dev2\/wp-content\/uploads\/2023\/08\/Dia-de-los-abuelos-en-Galerias-el-Triunfo-600x1067.jpg 600w, https:\/\/galeriaseltriunfo.com\/dev2\/wp-content\/uploads\/2023\/08\/Dia-de-los-abuelos-en-Galerias-el-Triunfo-700x1245.jpg 700w, https:\/\/galeriaseltriunfo.com\/dev2\/wp-content\/uploads\/2023\/08\/Dia-de-los-abuelos-en-Galerias-el-Triunfo-768x1366.jpg 768w, https:\/\/galeriaseltriunfo.com\/dev2\/wp-content\/uploads\/2023\/08\/Dia-de-los-abuelos-en-Galerias-el-Triunfo-800x1423.jpg 800w, https:\/\/galeriaseltriunfo.com\/dev2\/wp-content\/uploads\/2023\/08\/Dia-de-los-abuelos-en-Galerias-el-Triunfo-864x1536.jpg 864w, https:\/\/galeriaseltriunfo.com\/dev2\/wp-content\/uploads\/2023\/08\/Dia-de-los-abuelos-en-Galerias-el-Triunfo.jpg 899w\" sizes=\"(max-width: 205px) 100vw, 205px\" \/><\/p><\/blockquote>\n<h3><em><span style=\"color: #3366ff\">Te compartimos estas frases para que se las compartas a tus abuelitos:<br \/>\n<\/span><\/em><\/h3>\n<ol>\n<li>\n<h3>\u201cNadie puede hacer por los ni\u00f1os lo que hacen los abuelos: salpican una especie de polvo de estrellas sobre sus vidas\u201d. <em>Alex Haley.<br \/>\n<\/em><\/h3>\n<\/li>\n<li>\n<h3>\u201cLos abuelos son una perfecta mezcla de risas, historias llenas de sabidur\u00eda y amor\u201d. <em>An\u00f3nimo.<\/em><\/h3>\n<\/li>\n<li>\n<h3>\u201cUn abuelo es una persona con plata en el pelo y oro en su coraz\u00f3n\u201d. <em>An\u00f3nimo<\/em>.<\/h3>\n<\/li>\n<li>\n<h3>\u201cLos abuelos sostienen nuestras manos durante un rato, pero nuestros corazones para siempre\u201d. <em>An\u00f3nimo.<\/em><\/h3>\n<\/li>\n<li>\n<h3>\u201cLos abuelos son magos que crean recuerdos maravillosos para sus nietos\u201d. <em style=\"font-size: 16px\">An\u00f3nimo.<\/em><\/h3>\n<\/li>\n<\/ol>\n<h3><em><\/p>\n<p><\/em><span style=\"color: #008000\"><br \/>\nEn <span style=\"color: #333399\"><a style=\"font-size: 16px;color: #333399\" href=\"https:\/\/www.facebook.com\/galeriaseltriunfo\">Galer\u00edas el Triunfo <\/a><span style=\"font-size: 16px\">celebramos el d\u00eda del abuelito en la <\/span><\/span><a style=\"font-size: 16px;color: #008000\" href=\"https:\/\/www.instagram.com\/p\/CwamMweL6s-\/\"><span style=\"color: #333399\">Fundaci\u00f3n Vida Plena.<\/span> <\/a><\/span><span style=\"color: #008000\">Te compartimos la alegr\u00eda de lo que vivimos en compa\u00f1ia de los abuelitos en nuestro<span style=\"color: #333399\"> <a style=\"font-size: 16px;color: #333399\" href=\"https:\/\/www.youtube.com\/@GaleriasElTriunfoDecoracion\">video de youtube: https:\/\/www.youtube.com\/@GaleriasElTriunfoDecoracion<\/a><\/span><\/span><\/h3>\n","protected":false},"excerpt":{"rendered":"<p>D\u00cdA DEL ABUELITO EN M\u00c9XICO &nbsp; \u00a1Felicidades a todos nuestros  [&#8230;]<\/p>\n","protected":false},"author":1473,"featured_media":187280,"comment_status":"open","ping_status":"closed","sticky":false,"template":"","format":"standard","meta":{"footnotes":""},"categories":[651],"tags":[916,911,918,924,920,910,922,919,923,921,917,912],"class_list":["post-187300","post","type-post","status-publish","format-standard","has-post-thumbnail","hentry","category-blog","tag-abuelos","tag-celebracion-a-los-abuelos","tag-cocina","tag-cuando-es-el-dia-del-abuelo","tag-dia-del-abuelo","tag-dia-del-abuelo-en-galerias-el-triunfo","tag-dia-del-abuelo-mexico","tag-familia","tag-feliz-dia-del-abuelo","tag-feliz-dia-del-abuelo-frases","tag-regalos","tag-regalos-para-los-abuelitos"],"yoast_head":"<!-- This site is optimized with the Yoast SEO plugin v27.4 - https:\/\/yoast.com\/product\/yoast-seo-wordpress\/ -->\n<title>\u00a1Hoy es el D\u00eda del Abuelito! - Galer\u00edas el Triunfo<\/title>\n<meta name=\"robots\" content=\"index, follow, max-snippet:-1, max-image-preview:large, max-video-preview:-1\" \/>\n<link rel=\"canonical\" href=\"https:\/\/galeriaseltriunfo.com\/dev2\/hoy-es-el-dia-del-abuelito\/\" \/>\n<meta property=\"og:locale\" content=\"es_MX\" \/>\n<meta property=\"og:type\" content=\"article\" \/>\n<meta property=\"og:title\" content=\"\u00a1Hoy es el D\u00eda del Abuelito! - Galer\u00edas el Triunfo\" \/>\n<meta property=\"og:description\" content=\"D\u00cdA DEL ABUELITO EN M\u00c9XICO &nbsp; \u00a1Felicidades a todos nuestros [...]\" \/>\n<meta property=\"og:url\" content=\"https:\/\/galeriaseltriunfo.com\/dev2\/hoy-es-el-dia-del-abuelito\/\" \/>\n<meta property=\"og:site_name\" content=\"Galer\u00edas el Triunfo\" \/>\n<meta property=\"article:publisher\" content=\"https:\/\/www.facebook.com\/galeriaseltriunfo\" \/>\n<meta property=\"article:published_time\" content=\"2023-08-28T21:12:42+00:00\" \/>\n<meta property=\"og:image\" content=\"https:\/\/galeriaseltriunfo.com\/dev2\/wp-content\/uploads\/2023\/08\/Dia-de-los-abuelos-en-Galerias-el-Triunfo-1.jpg.webp\" \/>\n\t<meta property=\"og:image:width\" content=\"800\" \/>\n\t<meta property=\"og:image:height\" content=\"447\" \/>\n\t<meta property=\"og:image:type\" content=\"image\/webp\" \/>\n<meta name=\"author\" content=\"Carlos Flores\" \/>\n<meta name=\"twitter:card\" content=\"summary_large_image\" \/>\n<meta name=\"twitter:creator\" content=\"@Gal_El_Triunfo\" \/>\n<meta name=\"twitter:site\" content=\"@Gal_El_Triunfo\" \/>\n<meta name=\"twitter:label1\" content=\"Escrito por\" \/>\n\t<meta name=\"twitter:data1\" content=\"Carlos Flores\" \/>\n\t<meta name=\"twitter:label2\" content=\"Tiempo de lectura\" \/>\n\t<meta name=\"twitter:data2\" content=\"2 minutos\" \/>\n<script type=\"application\/ld+json\" class=\"yoast-schema-graph\">{\"@context\":\"https:\\\/\\\/schema.org\",\"@graph\":[{\"@type\":\"Article\",\"@id\":\"https:\\\/\\\/galeriaseltriunfo.com\\\/dev2\\\/hoy-es-el-dia-del-abuelito\\\/#article\",\"isPartOf\":{\"@id\":\"https:\\\/\\\/galeriaseltriunfo.com\\\/dev2\\\/hoy-es-el-dia-del-abuelito\\\/\"},\"author\":{\"name\":\"Carlos Flores\",\"@id\":\"https:\\\/\\\/galeriaseltriunfo.com\\\/dev2\\\/#\\\/schema\\\/person\\\/76a898e452a45dfad4dc45773f2649a5\"},\"headline\":\"\u00a1Hoy es el D\u00eda del Abuelito!\",\"datePublished\":\"2023-08-28T21:12:42+00:00\",\"mainEntityOfPage\":{\"@id\":\"https:\\\/\\\/galeriaseltriunfo.com\\\/dev2\\\/hoy-es-el-dia-del-abuelito\\\/\"},\"wordCount\":349,\"commentCount\":0,\"publisher\":{\"@id\":\"https:\\\/\\\/galeriaseltriunfo.com\\\/dev2\\\/#organization\"},\"image\":{\"@id\":\"https:\\\/\\\/galeriaseltriunfo.com\\\/dev2\\\/hoy-es-el-dia-del-abuelito\\\/#primaryimage\"},\"thumbnailUrl\":\"https:\\\/\\\/galeriaseltriunfo.com\\\/dev2\\\/wp-content\\\/uploads\\\/2023\\\/08\\\/Dia-de-los-abuelos-en-Galerias-el-Triunfo-1.jpg.webp\",\"keywords\":[\"abuelos\",\"Celebracion a los abuelos\",\"cocina\",\"cuando es el d\u00eda del abuelo\",\"D\u00eda del abuelo\",\"Dia del abuelo en Galerias El Triunfo\",\"d\u00eda del abuelo mexico\",\"familia\",\"feliz d\u00eda del abuelo\",\"feliz d\u00eda del abuelo frases\",\"regalos\",\"Regalos para los abuelitos\"],\"articleSection\":[\"blog\"],\"inLanguage\":\"es\",\"potentialAction\":[{\"@type\":\"CommentAction\",\"name\":\"Comment\",\"target\":[\"https:\\\/\\\/galeriaseltriunfo.com\\\/dev2\\\/hoy-es-el-dia-del-abuelito\\\/#respond\"]}]},{\"@type\":\"WebPage\",\"@id\":\"https:\\\/\\\/galeriaseltriunfo.com\\\/dev2\\\/hoy-es-el-dia-del-abuelito\\\/\",\"url\":\"https:\\\/\\\/galeriaseltriunfo.com\\\/dev2\\\/hoy-es-el-dia-del-abuelito\\\/\",\"name\":\"\u00a1Hoy es el D\u00eda del Abuelito! - Galer\u00edas el Triunfo\",\"isPartOf\":{\"@id\":\"https:\\\/\\\/galeriaseltriunfo.com\\\/dev2\\\/#website\"},\"primaryImageOfPage\":{\"@id\":\"https:\\\/\\\/galeriaseltriunfo.com\\\/dev2\\\/hoy-es-el-dia-del-abuelito\\\/#primaryimage\"},\"image\":{\"@id\":\"https:\\\/\\\/galeriaseltriunfo.com\\\/dev2\\\/hoy-es-el-dia-del-abuelito\\\/#primaryimage\"},\"thumbnailUrl\":\"https:\\\/\\\/galeriaseltriunfo.com\\\/dev2\\\/wp-content\\\/uploads\\\/2023\\\/08\\\/Dia-de-los-abuelos-en-Galerias-el-Triunfo-1.jpg.webp\",\"datePublished\":\"2023-08-28T21:12:42+00:00\",\"breadcrumb\":{\"@id\":\"https:\\\/\\\/galeriaseltriunfo.com\\\/dev2\\\/hoy-es-el-dia-del-abuelito\\\/#breadcrumb\"},\"inLanguage\":\"es\",\"potentialAction\":[{\"@type\":\"ReadAction\",\"target\":[\"https:\\\/\\\/galeriaseltriunfo.com\\\/dev2\\\/hoy-es-el-dia-del-abuelito\\\/\"]}]},{\"@type\":\"ImageObject\",\"inLanguage\":\"es\",\"@id\":\"https:\\\/\\\/galeriaseltriunfo.com\\\/dev2\\\/hoy-es-el-dia-del-abuelito\\\/#primaryimage\",\"url\":\"https:\\\/\\\/galeriaseltriunfo.com\\\/dev2\\\/wp-content\\\/uploads\\\/2023\\\/08\\\/Dia-de-los-abuelos-en-Galerias-el-Triunfo-1.jpg.webp\",\"contentUrl\":\"https:\\\/\\\/galeriaseltriunfo.com\\\/dev2\\\/wp-content\\\/uploads\\\/2023\\\/08\\\/Dia-de-los-abuelos-en-Galerias-el-Triunfo-1.jpg.webp\",\"width\":800,\"height\":447},{\"@type\":\"BreadcrumbList\",\"@id\":\"https:\\\/\\\/galeriaseltriunfo.com\\\/dev2\\\/hoy-es-el-dia-del-abuelito\\\/#breadcrumb\",\"itemListElement\":[{\"@type\":\"ListItem\",\"position\":1,\"name\":\"Inicio\",\"item\":\"https:\\\/\\\/galeriaseltriunfo.com\\\/dev2\\\/\"},{\"@type\":\"ListItem\",\"position\":2,\"name\":\"\u00a1Hoy es el D\u00eda del Abuelito!\"}]},{\"@type\":\"WebSite\",\"@id\":\"https:\\\/\\\/galeriaseltriunfo.com\\\/dev2\\\/#website\",\"url\":\"https:\\\/\\\/galeriaseltriunfo.com\\\/dev2\\\/\",\"name\":\"Galer\u00edas el Triunfo\",\"description\":\"Galer\u00edas el Triunfo es una de las tiendas online m\u00e1s grandes de accesorios y art\u00edculos de decoraci\u00f3n para el hogar, el jard\u00edn y la oficina. \u00a1Compra ahora!\",\"publisher\":{\"@id\":\"https:\\\/\\\/galeriaseltriunfo.com\\\/dev2\\\/#organization\"},\"potentialAction\":[{\"@type\":\"SearchAction\",\"target\":{\"@type\":\"EntryPoint\",\"urlTemplate\":\"https:\\\/\\\/galeriaseltriunfo.com\\\/dev2\\\/?s={search_term_string}\"},\"query-input\":{\"@type\":\"PropertyValueSpecification\",\"valueRequired\":true,\"valueName\":\"search_term_string\"}}],\"inLanguage\":\"es\"},{\"@type\":\"Organization\",\"@id\":\"https:\\\/\\\/galeriaseltriunfo.com\\\/dev2\\\/#organization\",\"name\":\"Galer\u00edas el Triunfo\",\"url\":\"https:\\\/\\\/galeriaseltriunfo.com\\\/dev2\\\/\",\"logo\":{\"@type\":\"ImageObject\",\"inLanguage\":\"es\",\"@id\":\"https:\\\/\\\/galeriaseltriunfo.com\\\/dev2\\\/#\\\/schema\\\/logo\\\/image\\\/\",\"url\":\"https:\\\/\\\/galeriaseltriunfo.com\\\/wp-content\\\/uploads\\\/2023\\\/08\\\/logotipo-galerias-fondo-2x-min.webp\",\"contentUrl\":\"https:\\\/\\\/galeriaseltriunfo.com\\\/wp-content\\\/uploads\\\/2023\\\/08\\\/logotipo-galerias-fondo-2x-min.webp\",\"width\":184,\"height\":264,\"caption\":\"Galer\u00edas el Triunfo\"},\"image\":{\"@id\":\"https:\\\/\\\/galeriaseltriunfo.com\\\/dev2\\\/#\\\/schema\\\/logo\\\/image\\\/\"},\"sameAs\":[\"https:\\\/\\\/www.facebook.com\\\/galeriaseltriunfo\",\"https:\\\/\\\/x.com\\\/Gal_El_Triunfo\",\"https:\\\/\\\/www.pinterest.com\\\/GaleriaselTriunfo\",\"https:\\\/\\\/instagram.com\\\/galeriaseltriunfomx\",\"https:\\\/\\\/www.youtube.com\\\/channel\\\/UChIaW2ZBBS4Pg8pkw0HuE7g\",\"https:\\\/\\\/www.tiktok.com\\\/@galeriaseltriunfo\"]},{\"@type\":\"Person\",\"@id\":\"https:\\\/\\\/galeriaseltriunfo.com\\\/dev2\\\/#\\\/schema\\\/person\\\/76a898e452a45dfad4dc45773f2649a5\",\"name\":\"Carlos Flores\",\"url\":\"https:\\\/\\\/galeriaseltriunfo.com\\\/dev2\\\/author\\\/giovanna\\\/\"}]}<\/script>\n<!-- \/ Yoast SEO plugin. -->","yoast_head_json":{"title":"\u00a1Hoy es el D\u00eda del Abuelito! - Galer\u00edas el Triunfo","robots":{"index":"index","follow":"follow","max-snippet":"max-snippet:-1","max-image-preview":"max-image-preview:large","max-video-preview":"max-video-preview:-1"},"canonical":"https:\/\/galeriaseltriunfo.com\/dev2\/hoy-es-el-dia-del-abuelito\/","og_locale":"es_MX","og_type":"article","og_title":"\u00a1Hoy es el D\u00eda del Abuelito! - Galer\u00edas el Triunfo","og_description":"D\u00cdA DEL ABUELITO EN M\u00c9XICO &nbsp; \u00a1Felicidades a todos nuestros [...]","og_url":"https:\/\/galeriaseltriunfo.com\/dev2\/hoy-es-el-dia-del-abuelito\/","og_site_name":"Galer\u00edas el Triunfo","article_publisher":"https:\/\/www.facebook.com\/galeriaseltriunfo","article_published_time":"2023-08-28T21:12:42+00:00","og_image":[{"width":800,"height":447,"url":"https:\/\/galeriaseltriunfo.com\/dev2\/wp-content\/uploads\/2023\/08\/Dia-de-los-abuelos-en-Galerias-el-Triunfo-1.jpg.webp","type":"image\/webp"}],"author":"Carlos Flores","twitter_card":"summary_large_image","twitter_creator":"@Gal_El_Triunfo","twitter_site":"@Gal_El_Triunfo","twitter_misc":{"Escrito por":"Carlos Flores","Tiempo de lectura":"2 minutos"},"schema":{"@context":"https:\/\/schema.org","@graph":[{"@type":"Article","@id":"https:\/\/galeriaseltriunfo.com\/dev2\/hoy-es-el-dia-del-abuelito\/#article","isPartOf":{"@id":"https:\/\/galeriaseltriunfo.com\/dev2\/hoy-es-el-dia-del-abuelito\/"},"author":{"name":"Carlos Flores","@id":"https:\/\/galeriaseltriunfo.com\/dev2\/#\/schema\/person\/76a898e452a45dfad4dc45773f2649a5"},"headline":"\u00a1Hoy es el D\u00eda del Abuelito!","datePublished":"2023-08-28T21:12:42+00:00","mainEntityOfPage":{"@id":"https:\/\/galeriaseltriunfo.com\/dev2\/hoy-es-el-dia-del-abuelito\/"},"wordCount":349,"commentCount":0,"publisher":{"@id":"https:\/\/galeriaseltriunfo.com\/dev2\/#organization"},"image":{"@id":"https:\/\/galeriaseltriunfo.com\/dev2\/hoy-es-el-dia-del-abuelito\/#primaryimage"},"thumbnailUrl":"https:\/\/galeriaseltriunfo.com\/dev2\/wp-content\/uploads\/2023\/08\/Dia-de-los-abuelos-en-Galerias-el-Triunfo-1.jpg.webp","keywords":["abuelos","Celebracion a los abuelos","cocina","cuando es el d\u00eda del abuelo","D\u00eda del abuelo","Dia del abuelo en Galerias El Triunfo","d\u00eda del abuelo mexico","familia","feliz d\u00eda del abuelo","feliz d\u00eda del abuelo frases","regalos","Regalos para los abuelitos"],"articleSection":["blog"],"inLanguage":"es","potentialAction":[{"@type":"CommentAction","name":"Comment","target":["https:\/\/galeriaseltriunfo.com\/dev2\/hoy-es-el-dia-del-abuelito\/#respond"]}]},{"@type":"WebPage","@id":"https:\/\/galeriaseltriunfo.com\/dev2\/hoy-es-el-dia-del-abuelito\/","url":"https:\/\/galeriaseltriunfo.com\/dev2\/hoy-es-el-dia-del-abuelito\/","name":"\u00a1Hoy es el D\u00eda del Abuelito! - Galer\u00edas el Triunfo","isPartOf":{"@id":"https:\/\/galeriaseltriunfo.com\/dev2\/#website"},"primaryImageOfPage":{"@id":"https:\/\/galeriaseltriunfo.com\/dev2\/hoy-es-el-dia-del-abuelito\/#primaryimage"},"image":{"@id":"https:\/\/galeriaseltriunfo.com\/dev2\/hoy-es-el-dia-del-abuelito\/#primaryimage"},"thumbnailUrl":"https:\/\/galeriaseltriunfo.com\/dev2\/wp-content\/uploads\/2023\/08\/Dia-de-los-abuelos-en-Galerias-el-Triunfo-1.jpg.webp","datePublished":"2023-08-28T21:12:42+00:00","breadcrumb":{"@id":"https:\/\/galeriaseltriunfo.com\/dev2\/hoy-es-el-dia-del-abuelito\/#breadcrumb"},"inLanguage":"es","potentialAction":[{"@type":"ReadAction","target":["https:\/\/galeriaseltriunfo.com\/dev2\/hoy-es-el-dia-del-abuelito\/"]}]},{"@type":"ImageObject","inLanguage":"es","@id":"https:\/\/galeriaseltriunfo.com\/dev2\/hoy-es-el-dia-del-abuelito\/#primaryimage","url":"https:\/\/galeriaseltriunfo.com\/dev2\/wp-content\/uploads\/2023\/08\/Dia-de-los-abuelos-en-Galerias-el-Triunfo-1.jpg.webp","contentUrl":"https:\/\/galeriaseltriunfo.com\/dev2\/wp-content\/uploads\/2023\/08\/Dia-de-los-abuelos-en-Galerias-el-Triunfo-1.jpg.webp","width":800,"height":447},{"@type":"BreadcrumbList","@id":"https:\/\/galeriaseltriunfo.com\/dev2\/hoy-es-el-dia-del-abuelito\/#breadcrumb","itemListElement":[{"@type":"ListItem","position":1,"name":"Inicio","item":"https:\/\/galeriaseltriunfo.com\/dev2\/"},{"@type":"ListItem","position":2,"name":"\u00a1Hoy es el D\u00eda del Abuelito!"}]},{"@type":"WebSite","@id":"https:\/\/galeriaseltriunfo.com\/dev2\/#website","url":"https:\/\/galeriaseltriunfo.com\/dev2\/","name":"Galer\u00edas el Triunfo","description":"Galer\u00edas el Triunfo es una de las tiendas online m\u00e1s grandes de accesorios y art\u00edculos de decoraci\u00f3n para el hogar, el jard\u00edn y la oficina. \u00a1Compra ahora!","publisher":{"@id":"https:\/\/galeriaseltriunfo.com\/dev2\/#organization"},"potentialAction":[{"@type":"SearchAction","target":{"@type":"EntryPoint","urlTemplate":"https:\/\/galeriaseltriunfo.com\/dev2\/?s={search_term_string}"},"query-input":{"@type":"PropertyValueSpecification","valueRequired":true,"valueName":"search_term_string"}}],"inLanguage":"es"},{"@type":"Organization","@id":"https:\/\/galeriaseltriunfo.com\/dev2\/#organization","name":"Galer\u00edas el Triunfo","url":"https:\/\/galeriaseltriunfo.com\/dev2\/","logo":{"@type":"ImageObject","inLanguage":"es","@id":"https:\/\/galeriaseltriunfo.com\/dev2\/#\/schema\/logo\/image\/","url":"https:\/\/galeriaseltriunfo.com\/wp-content\/uploads\/2023\/08\/logotipo-galerias-fondo-2x-min.webp","contentUrl":"https:\/\/galeriaseltriunfo.com\/wp-content\/uploads\/2023\/08\/logotipo-galerias-fondo-2x-min.webp","width":184,"height":264,"caption":"Galer\u00edas el Triunfo"},"image":{"@id":"https:\/\/galeriaseltriunfo.com\/dev2\/#\/schema\/logo\/image\/"},"sameAs":["https:\/\/www.facebook.com\/galeriaseltriunfo","https:\/\/x.com\/Gal_El_Triunfo","https:\/\/www.pinterest.com\/GaleriaselTriunfo","https:\/\/instagram.com\/galeriaseltriunfomx","https:\/\/www.youtube.com\/channel\/UChIaW2ZBBS4Pg8pkw0HuE7g","https:\/\/www.tiktok.com\/@galeriaseltriunfo"]},{"@type":"Person","@id":"https:\/\/galeriaseltriunfo.com\/dev2\/#\/schema\/person\/76a898e452a45dfad4dc45773f2649a5","name":"Carlos Flores","url":"https:\/\/galeriaseltriunfo.com\/dev2\/author\/giovanna\/"}]}},"_links":{"self":[{"href":"https:\/\/galeriaseltriunfo.com\/dev2\/wp-json\/wp\/v2\/posts\/187300","targetHints":{"allow":["GET"]}}],"collection":[{"href":"https:\/\/galeriaseltriunfo.com\/dev2\/wp-json\/wp\/v2\/posts"}],"about":[{"href":"https:\/\/galeriaseltriunfo.com\/dev2\/wp-json\/wp\/v2\/types\/post"}],"author":[{"embeddable":true,"href":"https:\/\/galeriaseltriunfo.com\/dev2\/wp-json\/wp\/v2\/users\/1473"}],"replies":[{"embeddable":true,"href":"https:\/\/galeriaseltriunfo.com\/dev2\/wp-json\/wp\/v2\/comments?post=187300"}],"version-history":[{"count":0,"href":"https:\/\/galeriaseltriunfo.com\/dev2\/wp-json\/wp\/v2\/posts\/187300\/revisions"}],"wp:featuredmedia":[{"embeddable":true,"href":"https:\/\/galeriaseltriunfo.com\/dev2\/wp-json\/wp\/v2\/media\/187280"}],"wp:attachment":[{"href":"https:\/\/galeriaseltriunfo.com\/dev2\/wp-json\/wp\/v2\/media?parent=187300"}],"wp:term":[{"taxonomy":"category","embeddable":true,"href":"https:\/\/galeriaseltriunfo.com\/dev2\/wp-json\/wp\/v2\/categories?post=187300"},{"taxonomy":"post_tag","embeddable":true,"href":"https:\/\/galeriaseltriunfo.com\/dev2\/wp-json\/wp\/v2\/tags?post=187300"}],"curies":[{"name":"wp","href":"https:\/\/api.w.org\/{rel}","templated":true}]}}