{"id":190520,"date":"2023-09-09T10:56:39","date_gmt":"2023-09-09T16:56:39","guid":{"rendered":"https:\/\/galeriaseltriunfo.com\/?p=190520"},"modified":"2024-02-13T11:09:59","modified_gmt":"2024-02-13T17:09:59","slug":"que-paso-en-el-bosque-de-chapultepec","status":"publish","type":"post","link":"https:\/\/galeriaseltriunfo.com\/dev2\/que-paso-en-el-bosque-de-chapultepec\/","title":{"rendered":"\u00bfQU\u00c9 PAS\u00d3 EN EL BOSQUE DE CHAPULTEPEC?"},"content":{"rendered":"<h1 style=\"text-align: center;\"><strong><span style=\"color: #800080;\">Castillo de <a href=\"https:\/\/galeriaseltriunfo.com\/producto\/planta-scindapsus-con-12\/\">C<span class=\"fw-normal\">hapultepec<\/span><\/a><\/span><\/strong><\/h1>\n<p>El 13 de septiembre \u00a0<span style=\"text-align: center;\">de cada a\u00f1o se conmemora el aniversario del inicio de la Batalla de <\/span><a style=\"text-align: center;\" href=\"https:\/\/galeriaseltriunfo.com\/producto\/planta-scindapsus-con-12\/\">Chapultepec<\/a><span style=\"text-align: center;\">, en <\/span><a style=\"text-align: center;\" href=\"https:\/\/bit.ly\/45CPrYU\">Ciudad de M\u00e9xico.<\/a><\/p>\n<p>El ej\u00e9rcito estadounidense hab\u00eda invadido <a href=\"https:\/\/bit.ly\/45CPrYU\">parte de M\u00e9xico<\/a> con la intenci\u00f3n de expandir su territorio, apropi\u00e1ndose de regiones al norte del R\u00edo Bravo.<\/p>\n<h2>Nicol\u00e1s Bravo y m\u00e1s de 800 soldados, entre los que se encontraban j\u00f3venes cadetes conocidos como\u00a0<strong>Ni\u00f1os H\u00e9roes<\/strong>, trataron de defender el Castillo de <a href=\"https:\/\/galeriaseltriunfo.com\/producto\/plato-verde-diseno-hoja\/\">Chapultepec<\/a> de las fuerzas invasoras.<\/h2>\n<h2>El ej\u00e9rcito estadounidense logr\u00f3 entrar al castillo y tomaron como prisioneros a la mayor\u00eda de los hombres que estaba en su interior. Entre ellos estaban Mariano Monterde, quien entonces era director del Colegio Militar de M\u00e9xico, y el general <strong>Nicol\u00e1s Bravo<\/strong>, quien dirig\u00eda la operaci\u00f3n.<\/h2>\n<h2>A pesar de la resistencia del ej\u00e9rcito mexicano, durante m\u00e1s de medio d\u00eda, los estadounidenses lograron ocupar la <a href=\"https:\/\/bit.ly\/45CPrYU\">Ciudad de M\u00e9xico.<\/a><\/h2>\n<h2>Esta batalla trajo como resultado la muerte de m\u00e1s de 300 soldados, tambi\u00e9n la\u00a0<strong>p\u00e9rdida de los territorios de Alta California, Nuevo M\u00e9xico y Texas\u00a0<\/strong>con el Tratado de Guadalupe Hidalgo firmado meses despu\u00e9s, en mayo de 1848. Este acuerdo pon\u00eda fin a la Intervenci\u00f3n estadounidense en M\u00e9xico.<\/h2>\n<p>&nbsp;<\/p>\n<h3><\/h3>\n","protected":false},"excerpt":{"rendered":"<p>Castillo de Chapultepec El 13 de septiembre \u00a0de cada a\u00f1o  [&#8230;]<\/p>\n","protected":false},"author":1473,"featured_media":203378,"comment_status":"closed","ping_status":"closed","sticky":false,"template":"","format":"standard","meta":{"footnotes":""},"categories":[651],"tags":[],"class_list":["post-190520","post","type-post","status-publish","format-standard","has-post-thumbnail","hentry","category-blog"],"yoast_head":"<!-- This site is optimized with the Yoast SEO plugin v27.4 - https:\/\/yoast.com\/product\/yoast-seo-wordpress\/ -->\n<title>\u00bfQU\u00c9 PAS\u00d3 EN EL BOSQUE DE CHAPULTEPEC? - Galer\u00edas el Triunfo<\/title>\n<meta name=\"robots\" content=\"index, follow, max-snippet:-1, max-image-preview:large, max-video-preview:-1\" \/>\n<link rel=\"canonical\" href=\"https:\/\/galeriaseltriunfo.com\/dev2\/que-paso-en-el-bosque-de-chapultepec\/\" \/>\n<meta property=\"og:locale\" content=\"es_MX\" \/>\n<meta property=\"og:type\" content=\"article\" \/>\n<meta property=\"og:title\" content=\"\u00bfQU\u00c9 PAS\u00d3 EN EL BOSQUE DE CHAPULTEPEC? - Galer\u00edas el Triunfo\" \/>\n<meta property=\"og:description\" content=\"Castillo de Chapultepec El 13 de septiembre \u00a0de cada a\u00f1o [...]\" \/>\n<meta property=\"og:url\" content=\"https:\/\/galeriaseltriunfo.com\/dev2\/que-paso-en-el-bosque-de-chapultepec\/\" \/>\n<meta property=\"og:site_name\" content=\"Galer\u00edas el Triunfo\" \/>\n<meta property=\"article:publisher\" content=\"https:\/\/www.facebook.com\/galeriaseltriunfo\" \/>\n<meta property=\"article:published_time\" content=\"2023-09-09T16:56:39+00:00\" \/>\n<meta property=\"article:modified_time\" content=\"2024-02-13T17:09:59+00:00\" \/>\n<meta property=\"og:image\" content=\"https:\/\/galeriaseltriunfo.com\/dev2\/wp-content\/uploads\/2023\/09\/Chapu.jpg\" \/>\n\t<meta property=\"og:image:width\" content=\"800\" \/>\n\t<meta property=\"og:image:height\" content=\"500\" \/>\n\t<meta property=\"og:image:type\" content=\"image\/jpeg\" \/>\n<meta name=\"author\" content=\"Carlos Flores\" \/>\n<meta name=\"twitter:card\" content=\"summary_large_image\" \/>\n<meta name=\"twitter:creator\" content=\"@Gal_El_Triunfo\" \/>\n<meta name=\"twitter:site\" content=\"@Gal_El_Triunfo\" \/>\n<meta name=\"twitter:label1\" content=\"Escrito por\" \/>\n\t<meta name=\"twitter:data1\" content=\"Carlos Flores\" \/>\n\t<meta name=\"twitter:label2\" content=\"Tiempo de lectura\" \/>\n\t<meta name=\"twitter:data2\" content=\"2 minutos\" \/>\n<script type=\"application\/ld+json\" class=\"yoast-schema-graph\">{\"@context\":\"https:\\\/\\\/schema.org\",\"@graph\":[{\"@type\":\"Article\",\"@id\":\"https:\\\/\\\/galeriaseltriunfo.com\\\/dev2\\\/que-paso-en-el-bosque-de-chapultepec\\\/#article\",\"isPartOf\":{\"@id\":\"https:\\\/\\\/galeriaseltriunfo.com\\\/dev2\\\/que-paso-en-el-bosque-de-chapultepec\\\/\"},\"author\":{\"name\":\"Carlos Flores\",\"@id\":\"https:\\\/\\\/galeriaseltriunfo.com\\\/dev2\\\/#\\\/schema\\\/person\\\/76a898e452a45dfad4dc45773f2649a5\"},\"headline\":\"\u00bfQU\u00c9 PAS\u00d3 EN EL BOSQUE DE CHAPULTEPEC?\",\"datePublished\":\"2023-09-09T16:56:39+00:00\",\"dateModified\":\"2024-02-13T17:09:59+00:00\",\"mainEntityOfPage\":{\"@id\":\"https:\\\/\\\/galeriaseltriunfo.com\\\/dev2\\\/que-paso-en-el-bosque-de-chapultepec\\\/\"},\"wordCount\":226,\"publisher\":{\"@id\":\"https:\\\/\\\/galeriaseltriunfo.com\\\/dev2\\\/#organization\"},\"image\":{\"@id\":\"https:\\\/\\\/galeriaseltriunfo.com\\\/dev2\\\/que-paso-en-el-bosque-de-chapultepec\\\/#primaryimage\"},\"thumbnailUrl\":\"https:\\\/\\\/galeriaseltriunfo.com\\\/dev2\\\/wp-content\\\/uploads\\\/2023\\\/09\\\/Chapu.jpg\",\"articleSection\":[\"blog\"],\"inLanguage\":\"es\"},{\"@type\":\"WebPage\",\"@id\":\"https:\\\/\\\/galeriaseltriunfo.com\\\/dev2\\\/que-paso-en-el-bosque-de-chapultepec\\\/\",\"url\":\"https:\\\/\\\/galeriaseltriunfo.com\\\/dev2\\\/que-paso-en-el-bosque-de-chapultepec\\\/\",\"name\":\"\u00bfQU\u00c9 PAS\u00d3 EN EL BOSQUE DE CHAPULTEPEC? - Galer\u00edas el Triunfo\",\"isPartOf\":{\"@id\":\"https:\\\/\\\/galeriaseltriunfo.com\\\/dev2\\\/#website\"},\"primaryImageOfPage\":{\"@id\":\"https:\\\/\\\/galeriaseltriunfo.com\\\/dev2\\\/que-paso-en-el-bosque-de-chapultepec\\\/#primaryimage\"},\"image\":{\"@id\":\"https:\\\/\\\/galeriaseltriunfo.com\\\/dev2\\\/que-paso-en-el-bosque-de-chapultepec\\\/#primaryimage\"},\"thumbnailUrl\":\"https:\\\/\\\/galeriaseltriunfo.com\\\/dev2\\\/wp-content\\\/uploads\\\/2023\\\/09\\\/Chapu.jpg\",\"datePublished\":\"2023-09-09T16:56:39+00:00\",\"dateModified\":\"2024-02-13T17:09:59+00:00\",\"breadcrumb\":{\"@id\":\"https:\\\/\\\/galeriaseltriunfo.com\\\/dev2\\\/que-paso-en-el-bosque-de-chapultepec\\\/#breadcrumb\"},\"inLanguage\":\"es\",\"potentialAction\":[{\"@type\":\"ReadAction\",\"target\":[\"https:\\\/\\\/galeriaseltriunfo.com\\\/dev2\\\/que-paso-en-el-bosque-de-chapultepec\\\/\"]}]},{\"@type\":\"ImageObject\",\"inLanguage\":\"es\",\"@id\":\"https:\\\/\\\/galeriaseltriunfo.com\\\/dev2\\\/que-paso-en-el-bosque-de-chapultepec\\\/#primaryimage\",\"url\":\"https:\\\/\\\/galeriaseltriunfo.com\\\/dev2\\\/wp-content\\\/uploads\\\/2023\\\/09\\\/Chapu.jpg\",\"contentUrl\":\"https:\\\/\\\/galeriaseltriunfo.com\\\/dev2\\\/wp-content\\\/uploads\\\/2023\\\/09\\\/Chapu.jpg\",\"width\":800,\"height\":500},{\"@type\":\"BreadcrumbList\",\"@id\":\"https:\\\/\\\/galeriaseltriunfo.com\\\/dev2\\\/que-paso-en-el-bosque-de-chapultepec\\\/#breadcrumb\",\"itemListElement\":[{\"@type\":\"ListItem\",\"position\":1,\"name\":\"Inicio\",\"item\":\"https:\\\/\\\/galeriaseltriunfo.com\\\/dev2\\\/\"},{\"@type\":\"ListItem\",\"position\":2,\"name\":\"\u00bfQU\u00c9 PAS\u00d3 EN EL BOSQUE DE CHAPULTEPEC?\"}]},{\"@type\":\"WebSite\",\"@id\":\"https:\\\/\\\/galeriaseltriunfo.com\\\/dev2\\\/#website\",\"url\":\"https:\\\/\\\/galeriaseltriunfo.com\\\/dev2\\\/\",\"name\":\"Galer\u00edas el Triunfo\",\"description\":\"Galer\u00edas el Triunfo es una de las tiendas online m\u00e1s grandes de accesorios y art\u00edculos de decoraci\u00f3n para el hogar, el jard\u00edn y la oficina. \u00a1Compra ahora!\",\"publisher\":{\"@id\":\"https:\\\/\\\/galeriaseltriunfo.com\\\/dev2\\\/#organization\"},\"potentialAction\":[{\"@type\":\"SearchAction\",\"target\":{\"@type\":\"EntryPoint\",\"urlTemplate\":\"https:\\\/\\\/galeriaseltriunfo.com\\\/dev2\\\/?s={search_term_string}\"},\"query-input\":{\"@type\":\"PropertyValueSpecification\",\"valueRequired\":true,\"valueName\":\"search_term_string\"}}],\"inLanguage\":\"es\"},{\"@type\":\"Organization\",\"@id\":\"https:\\\/\\\/galeriaseltriunfo.com\\\/dev2\\\/#organization\",\"name\":\"Galer\u00edas el Triunfo\",\"url\":\"https:\\\/\\\/galeriaseltriunfo.com\\\/dev2\\\/\",\"logo\":{\"@type\":\"ImageObject\",\"inLanguage\":\"es\",\"@id\":\"https:\\\/\\\/galeriaseltriunfo.com\\\/dev2\\\/#\\\/schema\\\/logo\\\/image\\\/\",\"url\":\"https:\\\/\\\/galeriaseltriunfo.com\\\/wp-content\\\/uploads\\\/2023\\\/08\\\/logotipo-galerias-fondo-2x-min.webp\",\"contentUrl\":\"https:\\\/\\\/galeriaseltriunfo.com\\\/wp-content\\\/uploads\\\/2023\\\/08\\\/logotipo-galerias-fondo-2x-min.webp\",\"width\":184,\"height\":264,\"caption\":\"Galer\u00edas el Triunfo\"},\"image\":{\"@id\":\"https:\\\/\\\/galeriaseltriunfo.com\\\/dev2\\\/#\\\/schema\\\/logo\\\/image\\\/\"},\"sameAs\":[\"https:\\\/\\\/www.facebook.com\\\/galeriaseltriunfo\",\"https:\\\/\\\/x.com\\\/Gal_El_Triunfo\",\"https:\\\/\\\/www.pinterest.com\\\/GaleriaselTriunfo\",\"https:\\\/\\\/instagram.com\\\/galeriaseltriunfomx\",\"https:\\\/\\\/www.youtube.com\\\/channel\\\/UChIaW2ZBBS4Pg8pkw0HuE7g\",\"https:\\\/\\\/www.tiktok.com\\\/@galeriaseltriunfo\"]},{\"@type\":\"Person\",\"@id\":\"https:\\\/\\\/galeriaseltriunfo.com\\\/dev2\\\/#\\\/schema\\\/person\\\/76a898e452a45dfad4dc45773f2649a5\",\"name\":\"Carlos Flores\",\"url\":\"https:\\\/\\\/galeriaseltriunfo.com\\\/dev2\\\/author\\\/giovanna\\\/\"}]}<\/script>\n<!-- \/ Yoast SEO plugin. -->","yoast_head_json":{"title":"\u00bfQU\u00c9 PAS\u00d3 EN EL BOSQUE DE CHAPULTEPEC? - Galer\u00edas el Triunfo","robots":{"index":"index","follow":"follow","max-snippet":"max-snippet:-1","max-image-preview":"max-image-preview:large","max-video-preview":"max-video-preview:-1"},"canonical":"https:\/\/galeriaseltriunfo.com\/dev2\/que-paso-en-el-bosque-de-chapultepec\/","og_locale":"es_MX","og_type":"article","og_title":"\u00bfQU\u00c9 PAS\u00d3 EN EL BOSQUE DE CHAPULTEPEC? - Galer\u00edas el Triunfo","og_description":"Castillo de Chapultepec El 13 de septiembre \u00a0de cada a\u00f1o [...]","og_url":"https:\/\/galeriaseltriunfo.com\/dev2\/que-paso-en-el-bosque-de-chapultepec\/","og_site_name":"Galer\u00edas el Triunfo","article_publisher":"https:\/\/www.facebook.com\/galeriaseltriunfo","article_published_time":"2023-09-09T16:56:39+00:00","article_modified_time":"2024-02-13T17:09:59+00:00","og_image":[{"width":800,"height":500,"url":"https:\/\/galeriaseltriunfo.com\/dev2\/wp-content\/uploads\/2023\/09\/Chapu.jpg","type":"image\/jpeg"}],"author":"Carlos Flores","twitter_card":"summary_large_image","twitter_creator":"@Gal_El_Triunfo","twitter_site":"@Gal_El_Triunfo","twitter_misc":{"Escrito por":"Carlos Flores","Tiempo de lectura":"2 minutos"},"schema":{"@context":"https:\/\/schema.org","@graph":[{"@type":"Article","@id":"https:\/\/galeriaseltriunfo.com\/dev2\/que-paso-en-el-bosque-de-chapultepec\/#article","isPartOf":{"@id":"https:\/\/galeriaseltriunfo.com\/dev2\/que-paso-en-el-bosque-de-chapultepec\/"},"author":{"name":"Carlos Flores","@id":"https:\/\/galeriaseltriunfo.com\/dev2\/#\/schema\/person\/76a898e452a45dfad4dc45773f2649a5"},"headline":"\u00bfQU\u00c9 PAS\u00d3 EN EL BOSQUE DE CHAPULTEPEC?","datePublished":"2023-09-09T16:56:39+00:00","dateModified":"2024-02-13T17:09:59+00:00","mainEntityOfPage":{"@id":"https:\/\/galeriaseltriunfo.com\/dev2\/que-paso-en-el-bosque-de-chapultepec\/"},"wordCount":226,"publisher":{"@id":"https:\/\/galeriaseltriunfo.com\/dev2\/#organization"},"image":{"@id":"https:\/\/galeriaseltriunfo.com\/dev2\/que-paso-en-el-bosque-de-chapultepec\/#primaryimage"},"thumbnailUrl":"https:\/\/galeriaseltriunfo.com\/dev2\/wp-content\/uploads\/2023\/09\/Chapu.jpg","articleSection":["blog"],"inLanguage":"es"},{"@type":"WebPage","@id":"https:\/\/galeriaseltriunfo.com\/dev2\/que-paso-en-el-bosque-de-chapultepec\/","url":"https:\/\/galeriaseltriunfo.com\/dev2\/que-paso-en-el-bosque-de-chapultepec\/","name":"\u00bfQU\u00c9 PAS\u00d3 EN EL BOSQUE DE CHAPULTEPEC? - Galer\u00edas el Triunfo","isPartOf":{"@id":"https:\/\/galeriaseltriunfo.com\/dev2\/#website"},"primaryImageOfPage":{"@id":"https:\/\/galeriaseltriunfo.com\/dev2\/que-paso-en-el-bosque-de-chapultepec\/#primaryimage"},"image":{"@id":"https:\/\/galeriaseltriunfo.com\/dev2\/que-paso-en-el-bosque-de-chapultepec\/#primaryimage"},"thumbnailUrl":"https:\/\/galeriaseltriunfo.com\/dev2\/wp-content\/uploads\/2023\/09\/Chapu.jpg","datePublished":"2023-09-09T16:56:39+00:00","dateModified":"2024-02-13T17:09:59+00:00","breadcrumb":{"@id":"https:\/\/galeriaseltriunfo.com\/dev2\/que-paso-en-el-bosque-de-chapultepec\/#breadcrumb"},"inLanguage":"es","potentialAction":[{"@type":"ReadAction","target":["https:\/\/galeriaseltriunfo.com\/dev2\/que-paso-en-el-bosque-de-chapultepec\/"]}]},{"@type":"ImageObject","inLanguage":"es","@id":"https:\/\/galeriaseltriunfo.com\/dev2\/que-paso-en-el-bosque-de-chapultepec\/#primaryimage","url":"https:\/\/galeriaseltriunfo.com\/dev2\/wp-content\/uploads\/2023\/09\/Chapu.jpg","contentUrl":"https:\/\/galeriaseltriunfo.com\/dev2\/wp-content\/uploads\/2023\/09\/Chapu.jpg","width":800,"height":500},{"@type":"BreadcrumbList","@id":"https:\/\/galeriaseltriunfo.com\/dev2\/que-paso-en-el-bosque-de-chapultepec\/#breadcrumb","itemListElement":[{"@type":"ListItem","position":1,"name":"Inicio","item":"https:\/\/galeriaseltriunfo.com\/dev2\/"},{"@type":"ListItem","position":2,"name":"\u00bfQU\u00c9 PAS\u00d3 EN EL BOSQUE DE CHAPULTEPEC?"}]},{"@type":"WebSite","@id":"https:\/\/galeriaseltriunfo.com\/dev2\/#website","url":"https:\/\/galeriaseltriunfo.com\/dev2\/","name":"Galer\u00edas el Triunfo","description":"Galer\u00edas el Triunfo es una de las tiendas online m\u00e1s grandes de accesorios y art\u00edculos de decoraci\u00f3n para el hogar, el jard\u00edn y la oficina. \u00a1Compra ahora!","publisher":{"@id":"https:\/\/galeriaseltriunfo.com\/dev2\/#organization"},"potentialAction":[{"@type":"SearchAction","target":{"@type":"EntryPoint","urlTemplate":"https:\/\/galeriaseltriunfo.com\/dev2\/?s={search_term_string}"},"query-input":{"@type":"PropertyValueSpecification","valueRequired":true,"valueName":"search_term_string"}}],"inLanguage":"es"},{"@type":"Organization","@id":"https:\/\/galeriaseltriunfo.com\/dev2\/#organization","name":"Galer\u00edas el Triunfo","url":"https:\/\/galeriaseltriunfo.com\/dev2\/","logo":{"@type":"ImageObject","inLanguage":"es","@id":"https:\/\/galeriaseltriunfo.com\/dev2\/#\/schema\/logo\/image\/","url":"https:\/\/galeriaseltriunfo.com\/wp-content\/uploads\/2023\/08\/logotipo-galerias-fondo-2x-min.webp","contentUrl":"https:\/\/galeriaseltriunfo.com\/wp-content\/uploads\/2023\/08\/logotipo-galerias-fondo-2x-min.webp","width":184,"height":264,"caption":"Galer\u00edas el Triunfo"},"image":{"@id":"https:\/\/galeriaseltriunfo.com\/dev2\/#\/schema\/logo\/image\/"},"sameAs":["https:\/\/www.facebook.com\/galeriaseltriunfo","https:\/\/x.com\/Gal_El_Triunfo","https:\/\/www.pinterest.com\/GaleriaselTriunfo","https:\/\/instagram.com\/galeriaseltriunfomx","https:\/\/www.youtube.com\/channel\/UChIaW2ZBBS4Pg8pkw0HuE7g","https:\/\/www.tiktok.com\/@galeriaseltriunfo"]},{"@type":"Person","@id":"https:\/\/galeriaseltriunfo.com\/dev2\/#\/schema\/person\/76a898e452a45dfad4dc45773f2649a5","name":"Carlos Flores","url":"https:\/\/galeriaseltriunfo.com\/dev2\/author\/giovanna\/"}]}},"_links":{"self":[{"href":"https:\/\/galeriaseltriunfo.com\/dev2\/wp-json\/wp\/v2\/posts\/190520","targetHints":{"allow":["GET"]}}],"collection":[{"href":"https:\/\/galeriaseltriunfo.com\/dev2\/wp-json\/wp\/v2\/posts"}],"about":[{"href":"https:\/\/galeriaseltriunfo.com\/dev2\/wp-json\/wp\/v2\/types\/post"}],"author":[{"embeddable":true,"href":"https:\/\/galeriaseltriunfo.com\/dev2\/wp-json\/wp\/v2\/users\/1473"}],"replies":[{"embeddable":true,"href":"https:\/\/galeriaseltriunfo.com\/dev2\/wp-json\/wp\/v2\/comments?post=190520"}],"version-history":[{"count":1,"href":"https:\/\/galeriaseltriunfo.com\/dev2\/wp-json\/wp\/v2\/posts\/190520\/revisions"}],"predecessor-version":[{"id":411839,"href":"https:\/\/galeriaseltriunfo.com\/dev2\/wp-json\/wp\/v2\/posts\/190520\/revisions\/411839"}],"wp:featuredmedia":[{"embeddable":true,"href":"https:\/\/galeriaseltriunfo.com\/dev2\/wp-json\/wp\/v2\/media\/203378"}],"wp:attachment":[{"href":"https:\/\/galeriaseltriunfo.com\/dev2\/wp-json\/wp\/v2\/media?parent=190520"}],"wp:term":[{"taxonomy":"category","embeddable":true,"href":"https:\/\/galeriaseltriunfo.com\/dev2\/wp-json\/wp\/v2\/categories?post=190520"},{"taxonomy":"post_tag","embeddable":true,"href":"https:\/\/galeriaseltriunfo.com\/dev2\/wp-json\/wp\/v2\/tags?post=190520"}],"curies":[{"name":"wp","href":"https:\/\/api.w.org\/{rel}","templated":true}]}}