{"id":191857,"date":"2023-09-23T11:56:25","date_gmt":"2023-09-23T17:56:25","guid":{"rendered":"https:\/\/galeriaseltriunfo.com\/?p=191857"},"modified":"2024-02-13T10:23:30","modified_gmt":"2024-02-13T16:23:30","slug":"cuando-es-el-dia-mundial-del-corazon","status":"publish","type":"post","link":"https:\/\/galeriaseltriunfo.com\/dev2\/cuando-es-el-dia-mundial-del-corazon\/","title":{"rendered":"\u00bfCU\u00c1NDO ES EL D\u00cdA MUNDIAL DEL CORAZ\u00d3N?"},"content":{"rendered":"<h1 style=\"text-align: center;padding-left: 40px\"><span style=\"color: #800000\">EL<b> 29 DE SEPTIEMBRE ES EL D\u00cdA MUNDIAL DEL CORAZ\u00d3N<\/b><\/span><\/h1>\n<h2 style=\"padding-left: 80px\"><span style=\"color: #3366ff\"><em><b>Esta semana te traemos esta efem\u00e9ride, tu al formar parte de nosotros queremos que te cuides y te mantengas saludable, nos interesa tu salud y sobre todo que est\u00e9s\u00a0informado del por qu\u00e9 se conmemora este d\u00eda.\u00a0<\/b><\/em><\/span><\/h2>\n<h2 style=\"padding-left: 40px\">La enfermedad cardiovascular (<em>ECV<\/em>) es la principal causa de muerte en el mundo. De manera combinada, las condiciones que afectan al coraz\u00f3n o a los vasos sangu\u00edneos, como, por ejemplo, un ataque cardiaco, accidente cerebrovascular e insuficiencia cardiaca manta a 20,5 millones de personas cada a\u00f1o.<br \/>\nLa mayor\u00eda de estas muertes ocurren en pa\u00edses de medios y bajos ingresos.<\/h2>\n<div class=\"mceTemp\" style=\"padding-left: 80px\">\n<p style=\"padding-left: 80px\"><a href=\"https:\/\/galeriaseltriunfo.com\/wp-content\/uploads\/2023\/09\/dia-mundial-del-corazon-.jpg\"><img decoding=\"async\" class=\"wp-image-191858 alignright\" src=\"https:\/\/galeriaseltriunfo.com\/wp-content\/uploads\/2023\/09\/dia-mundial-del-corazon-.jpg\" alt=\"di\u0301a mundial del corazo\u0301n\" width=\"610\" height=\"381\" srcset=\"https:\/\/galeriaseltriunfo.com\/dev2\/wp-content\/uploads\/2023\/09\/dia-mundial-del-corazon--700x438.jpg 700w, https:\/\/galeriaseltriunfo.com\/dev2\/wp-content\/uploads\/2023\/09\/dia-mundial-del-corazon-.jpg 800w\" sizes=\"(max-width: 610px) 100vw, 610px\" \/><\/a><\/p>\n<\/div>\n<h2 style=\"padding-left: 80px\">El 80% de las muertes prematuras por ECV se pueden prevenir haciendo peque\u00f1os cambios en nuestro estilo de vida: <span style=\"color: #ff6600\"><em>alimentaci\u00f3n, ejercicio y control del estr\u00e9s.<\/em><\/span> As\u00ed, podemos controlar mejor la salud de nuestro coraz\u00f3n y vencer a las enfermedades cardiovasculares.<\/h2>\n<h2 style=\"padding-left: 80px\"><strong>\u00a0<\/strong><\/h2>\n<h2 style=\"padding-left: 40px\">Durante el periodo enero-junio de 2022, las defunciones por enfermedades del coraz\u00f3n fueron la primera causa de muerte a nivel nacional, con\u00a0<b>105 864 casos<\/b>.<\/h2>\n<h2 style=\"padding-left: 40px\"><span style=\"color: #3366ff\">Y recuerda sigamos compartiendo m\u00e1s a\u00f1os juntos de acompa\u00f1arte en<span style=\"color: #ff6600\"> <a style=\"color: #ff6600\" href=\"https:\/\/bit.ly\/galeriaseltriunfo\">decorar tu hogar<\/a>,<\/span> mantente saludable.\u00a0<\/span><\/h2>\n","protected":false},"excerpt":{"rendered":"<p>EL 29 DE SEPTIEMBRE ES EL D\u00cdA MUNDIAL DEL CORAZ\u00d3N  [&#8230;]<\/p>\n","protected":false},"author":1473,"featured_media":192130,"comment_status":"closed","ping_status":"closed","sticky":false,"template":"","format":"standard","meta":{"footnotes":""},"categories":[651],"tags":[959,960,962,958,961,927,964,963],"class_list":["post-191857","post","type-post","status-publish","format-standard","has-post-thumbnail","hentry","category-blog","tag-corazon","tag-corazones","tag-decoraciones","tag-dia-mundial-del-corazon","tag-esculturas","tag-hogar","tag-muebles","tag-salud"],"yoast_head":"<!-- This site is optimized with the Yoast SEO plugin v27.4 - https:\/\/yoast.com\/product\/yoast-seo-wordpress\/ -->\n<title>\u00bfCU\u00c1NDO ES EL D\u00cdA MUNDIAL DEL CORAZ\u00d3N? - Galer\u00edas el Triunfo<\/title>\n<meta name=\"robots\" content=\"index, follow, max-snippet:-1, max-image-preview:large, max-video-preview:-1\" \/>\n<link rel=\"canonical\" href=\"https:\/\/galeriaseltriunfo.com\/dev2\/cuando-es-el-dia-mundial-del-corazon\/\" \/>\n<meta property=\"og:locale\" content=\"es_MX\" \/>\n<meta property=\"og:type\" content=\"article\" \/>\n<meta property=\"og:title\" content=\"\u00bfCU\u00c1NDO ES EL D\u00cdA MUNDIAL DEL CORAZ\u00d3N? - Galer\u00edas el Triunfo\" \/>\n<meta property=\"og:description\" content=\"EL 29 DE SEPTIEMBRE ES EL D\u00cdA MUNDIAL DEL CORAZ\u00d3N [...]\" \/>\n<meta property=\"og:url\" content=\"https:\/\/galeriaseltriunfo.com\/dev2\/cuando-es-el-dia-mundial-del-corazon\/\" \/>\n<meta property=\"og:site_name\" content=\"Galer\u00edas el Triunfo\" \/>\n<meta property=\"article:publisher\" content=\"https:\/\/www.facebook.com\/galeriaseltriunfo\" \/>\n<meta property=\"article:published_time\" content=\"2023-09-23T17:56:25+00:00\" \/>\n<meta property=\"article:modified_time\" content=\"2024-02-13T16:23:30+00:00\" \/>\n<meta property=\"og:image\" content=\"https:\/\/galeriaseltriunfo.com\/dev2\/wp-content\/uploads\/2023\/09\/dia-mundial-del-corazon-1-1.jpg.webp\" \/>\n\t<meta property=\"og:image:width\" content=\"800\" \/>\n\t<meta property=\"og:image:height\" content=\"500\" \/>\n\t<meta property=\"og:image:type\" content=\"image\/webp\" \/>\n<meta name=\"author\" content=\"Carlos Flores\" \/>\n<meta name=\"twitter:card\" content=\"summary_large_image\" \/>\n<meta name=\"twitter:creator\" content=\"@Gal_El_Triunfo\" \/>\n<meta name=\"twitter:site\" content=\"@Gal_El_Triunfo\" \/>\n<meta name=\"twitter:label1\" content=\"Escrito por\" \/>\n\t<meta name=\"twitter:data1\" content=\"Carlos Flores\" \/>\n\t<meta name=\"twitter:label2\" content=\"Tiempo de lectura\" \/>\n\t<meta name=\"twitter:data2\" content=\"1 minuto\" \/>\n<script type=\"application\/ld+json\" class=\"yoast-schema-graph\">{\"@context\":\"https:\\\/\\\/schema.org\",\"@graph\":[{\"@type\":\"Article\",\"@id\":\"https:\\\/\\\/galeriaseltriunfo.com\\\/dev2\\\/cuando-es-el-dia-mundial-del-corazon\\\/#article\",\"isPartOf\":{\"@id\":\"https:\\\/\\\/galeriaseltriunfo.com\\\/dev2\\\/cuando-es-el-dia-mundial-del-corazon\\\/\"},\"author\":{\"name\":\"Carlos Flores\",\"@id\":\"https:\\\/\\\/galeriaseltriunfo.com\\\/dev2\\\/#\\\/schema\\\/person\\\/76a898e452a45dfad4dc45773f2649a5\"},\"headline\":\"\u00bfCU\u00c1NDO ES EL D\u00cdA MUNDIAL DEL CORAZ\u00d3N?\",\"datePublished\":\"2023-09-23T17:56:25+00:00\",\"dateModified\":\"2024-02-13T16:23:30+00:00\",\"mainEntityOfPage\":{\"@id\":\"https:\\\/\\\/galeriaseltriunfo.com\\\/dev2\\\/cuando-es-el-dia-mundial-del-corazon\\\/\"},\"wordCount\":208,\"publisher\":{\"@id\":\"https:\\\/\\\/galeriaseltriunfo.com\\\/dev2\\\/#organization\"},\"image\":{\"@id\":\"https:\\\/\\\/galeriaseltriunfo.com\\\/dev2\\\/cuando-es-el-dia-mundial-del-corazon\\\/#primaryimage\"},\"thumbnailUrl\":\"https:\\\/\\\/galeriaseltriunfo.com\\\/dev2\\\/wp-content\\\/uploads\\\/2023\\\/09\\\/dia-mundial-del-corazon-1-1.jpg.webp\",\"keywords\":[\"coraz\u00f3n\",\"corazones\",\"decoraciones\",\"D\u00eda mundial del coraz\u00f3n\",\"esculturas\",\"hogar\",\"muebles\",\"salud\"],\"articleSection\":[\"blog\"],\"inLanguage\":\"es\"},{\"@type\":\"WebPage\",\"@id\":\"https:\\\/\\\/galeriaseltriunfo.com\\\/dev2\\\/cuando-es-el-dia-mundial-del-corazon\\\/\",\"url\":\"https:\\\/\\\/galeriaseltriunfo.com\\\/dev2\\\/cuando-es-el-dia-mundial-del-corazon\\\/\",\"name\":\"\u00bfCU\u00c1NDO ES EL D\u00cdA MUNDIAL DEL CORAZ\u00d3N? - Galer\u00edas el Triunfo\",\"isPartOf\":{\"@id\":\"https:\\\/\\\/galeriaseltriunfo.com\\\/dev2\\\/#website\"},\"primaryImageOfPage\":{\"@id\":\"https:\\\/\\\/galeriaseltriunfo.com\\\/dev2\\\/cuando-es-el-dia-mundial-del-corazon\\\/#primaryimage\"},\"image\":{\"@id\":\"https:\\\/\\\/galeriaseltriunfo.com\\\/dev2\\\/cuando-es-el-dia-mundial-del-corazon\\\/#primaryimage\"},\"thumbnailUrl\":\"https:\\\/\\\/galeriaseltriunfo.com\\\/dev2\\\/wp-content\\\/uploads\\\/2023\\\/09\\\/dia-mundial-del-corazon-1-1.jpg.webp\",\"datePublished\":\"2023-09-23T17:56:25+00:00\",\"dateModified\":\"2024-02-13T16:23:30+00:00\",\"breadcrumb\":{\"@id\":\"https:\\\/\\\/galeriaseltriunfo.com\\\/dev2\\\/cuando-es-el-dia-mundial-del-corazon\\\/#breadcrumb\"},\"inLanguage\":\"es\",\"potentialAction\":[{\"@type\":\"ReadAction\",\"target\":[\"https:\\\/\\\/galeriaseltriunfo.com\\\/dev2\\\/cuando-es-el-dia-mundial-del-corazon\\\/\"]}]},{\"@type\":\"ImageObject\",\"inLanguage\":\"es\",\"@id\":\"https:\\\/\\\/galeriaseltriunfo.com\\\/dev2\\\/cuando-es-el-dia-mundial-del-corazon\\\/#primaryimage\",\"url\":\"https:\\\/\\\/galeriaseltriunfo.com\\\/dev2\\\/wp-content\\\/uploads\\\/2023\\\/09\\\/dia-mundial-del-corazon-1-1.jpg.webp\",\"contentUrl\":\"https:\\\/\\\/galeriaseltriunfo.com\\\/dev2\\\/wp-content\\\/uploads\\\/2023\\\/09\\\/dia-mundial-del-corazon-1-1.jpg.webp\",\"width\":800,\"height\":500},{\"@type\":\"BreadcrumbList\",\"@id\":\"https:\\\/\\\/galeriaseltriunfo.com\\\/dev2\\\/cuando-es-el-dia-mundial-del-corazon\\\/#breadcrumb\",\"itemListElement\":[{\"@type\":\"ListItem\",\"position\":1,\"name\":\"Inicio\",\"item\":\"https:\\\/\\\/galeriaseltriunfo.com\\\/dev2\\\/\"},{\"@type\":\"ListItem\",\"position\":2,\"name\":\"\u00bfCU\u00c1NDO ES EL D\u00cdA MUNDIAL DEL CORAZ\u00d3N?\"}]},{\"@type\":\"WebSite\",\"@id\":\"https:\\\/\\\/galeriaseltriunfo.com\\\/dev2\\\/#website\",\"url\":\"https:\\\/\\\/galeriaseltriunfo.com\\\/dev2\\\/\",\"name\":\"Galer\u00edas el Triunfo\",\"description\":\"Galer\u00edas el Triunfo es una de las tiendas online m\u00e1s grandes de accesorios y art\u00edculos de decoraci\u00f3n para el hogar, el jard\u00edn y la oficina. \u00a1Compra ahora!\",\"publisher\":{\"@id\":\"https:\\\/\\\/galeriaseltriunfo.com\\\/dev2\\\/#organization\"},\"potentialAction\":[{\"@type\":\"SearchAction\",\"target\":{\"@type\":\"EntryPoint\",\"urlTemplate\":\"https:\\\/\\\/galeriaseltriunfo.com\\\/dev2\\\/?s={search_term_string}\"},\"query-input\":{\"@type\":\"PropertyValueSpecification\",\"valueRequired\":true,\"valueName\":\"search_term_string\"}}],\"inLanguage\":\"es\"},{\"@type\":\"Organization\",\"@id\":\"https:\\\/\\\/galeriaseltriunfo.com\\\/dev2\\\/#organization\",\"name\":\"Galer\u00edas el Triunfo\",\"url\":\"https:\\\/\\\/galeriaseltriunfo.com\\\/dev2\\\/\",\"logo\":{\"@type\":\"ImageObject\",\"inLanguage\":\"es\",\"@id\":\"https:\\\/\\\/galeriaseltriunfo.com\\\/dev2\\\/#\\\/schema\\\/logo\\\/image\\\/\",\"url\":\"https:\\\/\\\/galeriaseltriunfo.com\\\/wp-content\\\/uploads\\\/2023\\\/08\\\/logotipo-galerias-fondo-2x-min.webp\",\"contentUrl\":\"https:\\\/\\\/galeriaseltriunfo.com\\\/wp-content\\\/uploads\\\/2023\\\/08\\\/logotipo-galerias-fondo-2x-min.webp\",\"width\":184,\"height\":264,\"caption\":\"Galer\u00edas el Triunfo\"},\"image\":{\"@id\":\"https:\\\/\\\/galeriaseltriunfo.com\\\/dev2\\\/#\\\/schema\\\/logo\\\/image\\\/\"},\"sameAs\":[\"https:\\\/\\\/www.facebook.com\\\/galeriaseltriunfo\",\"https:\\\/\\\/x.com\\\/Gal_El_Triunfo\",\"https:\\\/\\\/www.pinterest.com\\\/GaleriaselTriunfo\",\"https:\\\/\\\/instagram.com\\\/galeriaseltriunfomx\",\"https:\\\/\\\/www.youtube.com\\\/channel\\\/UChIaW2ZBBS4Pg8pkw0HuE7g\",\"https:\\\/\\\/www.tiktok.com\\\/@galeriaseltriunfo\"]},{\"@type\":\"Person\",\"@id\":\"https:\\\/\\\/galeriaseltriunfo.com\\\/dev2\\\/#\\\/schema\\\/person\\\/76a898e452a45dfad4dc45773f2649a5\",\"name\":\"Carlos Flores\",\"url\":\"https:\\\/\\\/galeriaseltriunfo.com\\\/dev2\\\/author\\\/giovanna\\\/\"}]}<\/script>\n<!-- \/ Yoast SEO plugin. -->","yoast_head_json":{"title":"\u00bfCU\u00c1NDO ES EL D\u00cdA MUNDIAL DEL CORAZ\u00d3N? - Galer\u00edas el Triunfo","robots":{"index":"index","follow":"follow","max-snippet":"max-snippet:-1","max-image-preview":"max-image-preview:large","max-video-preview":"max-video-preview:-1"},"canonical":"https:\/\/galeriaseltriunfo.com\/dev2\/cuando-es-el-dia-mundial-del-corazon\/","og_locale":"es_MX","og_type":"article","og_title":"\u00bfCU\u00c1NDO ES EL D\u00cdA MUNDIAL DEL CORAZ\u00d3N? - Galer\u00edas el Triunfo","og_description":"EL 29 DE SEPTIEMBRE ES EL D\u00cdA MUNDIAL DEL CORAZ\u00d3N [...]","og_url":"https:\/\/galeriaseltriunfo.com\/dev2\/cuando-es-el-dia-mundial-del-corazon\/","og_site_name":"Galer\u00edas el Triunfo","article_publisher":"https:\/\/www.facebook.com\/galeriaseltriunfo","article_published_time":"2023-09-23T17:56:25+00:00","article_modified_time":"2024-02-13T16:23:30+00:00","og_image":[{"width":800,"height":500,"url":"https:\/\/galeriaseltriunfo.com\/dev2\/wp-content\/uploads\/2023\/09\/dia-mundial-del-corazon-1-1.jpg.webp","type":"image\/webp"}],"author":"Carlos Flores","twitter_card":"summary_large_image","twitter_creator":"@Gal_El_Triunfo","twitter_site":"@Gal_El_Triunfo","twitter_misc":{"Escrito por":"Carlos Flores","Tiempo de lectura":"1 minuto"},"schema":{"@context":"https:\/\/schema.org","@graph":[{"@type":"Article","@id":"https:\/\/galeriaseltriunfo.com\/dev2\/cuando-es-el-dia-mundial-del-corazon\/#article","isPartOf":{"@id":"https:\/\/galeriaseltriunfo.com\/dev2\/cuando-es-el-dia-mundial-del-corazon\/"},"author":{"name":"Carlos Flores","@id":"https:\/\/galeriaseltriunfo.com\/dev2\/#\/schema\/person\/76a898e452a45dfad4dc45773f2649a5"},"headline":"\u00bfCU\u00c1NDO ES EL D\u00cdA MUNDIAL DEL CORAZ\u00d3N?","datePublished":"2023-09-23T17:56:25+00:00","dateModified":"2024-02-13T16:23:30+00:00","mainEntityOfPage":{"@id":"https:\/\/galeriaseltriunfo.com\/dev2\/cuando-es-el-dia-mundial-del-corazon\/"},"wordCount":208,"publisher":{"@id":"https:\/\/galeriaseltriunfo.com\/dev2\/#organization"},"image":{"@id":"https:\/\/galeriaseltriunfo.com\/dev2\/cuando-es-el-dia-mundial-del-corazon\/#primaryimage"},"thumbnailUrl":"https:\/\/galeriaseltriunfo.com\/dev2\/wp-content\/uploads\/2023\/09\/dia-mundial-del-corazon-1-1.jpg.webp","keywords":["coraz\u00f3n","corazones","decoraciones","D\u00eda mundial del coraz\u00f3n","esculturas","hogar","muebles","salud"],"articleSection":["blog"],"inLanguage":"es"},{"@type":"WebPage","@id":"https:\/\/galeriaseltriunfo.com\/dev2\/cuando-es-el-dia-mundial-del-corazon\/","url":"https:\/\/galeriaseltriunfo.com\/dev2\/cuando-es-el-dia-mundial-del-corazon\/","name":"\u00bfCU\u00c1NDO ES EL D\u00cdA MUNDIAL DEL CORAZ\u00d3N? - Galer\u00edas el Triunfo","isPartOf":{"@id":"https:\/\/galeriaseltriunfo.com\/dev2\/#website"},"primaryImageOfPage":{"@id":"https:\/\/galeriaseltriunfo.com\/dev2\/cuando-es-el-dia-mundial-del-corazon\/#primaryimage"},"image":{"@id":"https:\/\/galeriaseltriunfo.com\/dev2\/cuando-es-el-dia-mundial-del-corazon\/#primaryimage"},"thumbnailUrl":"https:\/\/galeriaseltriunfo.com\/dev2\/wp-content\/uploads\/2023\/09\/dia-mundial-del-corazon-1-1.jpg.webp","datePublished":"2023-09-23T17:56:25+00:00","dateModified":"2024-02-13T16:23:30+00:00","breadcrumb":{"@id":"https:\/\/galeriaseltriunfo.com\/dev2\/cuando-es-el-dia-mundial-del-corazon\/#breadcrumb"},"inLanguage":"es","potentialAction":[{"@type":"ReadAction","target":["https:\/\/galeriaseltriunfo.com\/dev2\/cuando-es-el-dia-mundial-del-corazon\/"]}]},{"@type":"ImageObject","inLanguage":"es","@id":"https:\/\/galeriaseltriunfo.com\/dev2\/cuando-es-el-dia-mundial-del-corazon\/#primaryimage","url":"https:\/\/galeriaseltriunfo.com\/dev2\/wp-content\/uploads\/2023\/09\/dia-mundial-del-corazon-1-1.jpg.webp","contentUrl":"https:\/\/galeriaseltriunfo.com\/dev2\/wp-content\/uploads\/2023\/09\/dia-mundial-del-corazon-1-1.jpg.webp","width":800,"height":500},{"@type":"BreadcrumbList","@id":"https:\/\/galeriaseltriunfo.com\/dev2\/cuando-es-el-dia-mundial-del-corazon\/#breadcrumb","itemListElement":[{"@type":"ListItem","position":1,"name":"Inicio","item":"https:\/\/galeriaseltriunfo.com\/dev2\/"},{"@type":"ListItem","position":2,"name":"\u00bfCU\u00c1NDO ES EL D\u00cdA MUNDIAL DEL CORAZ\u00d3N?"}]},{"@type":"WebSite","@id":"https:\/\/galeriaseltriunfo.com\/dev2\/#website","url":"https:\/\/galeriaseltriunfo.com\/dev2\/","name":"Galer\u00edas el Triunfo","description":"Galer\u00edas el Triunfo es una de las tiendas online m\u00e1s grandes de accesorios y art\u00edculos de decoraci\u00f3n para el hogar, el jard\u00edn y la oficina. \u00a1Compra ahora!","publisher":{"@id":"https:\/\/galeriaseltriunfo.com\/dev2\/#organization"},"potentialAction":[{"@type":"SearchAction","target":{"@type":"EntryPoint","urlTemplate":"https:\/\/galeriaseltriunfo.com\/dev2\/?s={search_term_string}"},"query-input":{"@type":"PropertyValueSpecification","valueRequired":true,"valueName":"search_term_string"}}],"inLanguage":"es"},{"@type":"Organization","@id":"https:\/\/galeriaseltriunfo.com\/dev2\/#organization","name":"Galer\u00edas el Triunfo","url":"https:\/\/galeriaseltriunfo.com\/dev2\/","logo":{"@type":"ImageObject","inLanguage":"es","@id":"https:\/\/galeriaseltriunfo.com\/dev2\/#\/schema\/logo\/image\/","url":"https:\/\/galeriaseltriunfo.com\/wp-content\/uploads\/2023\/08\/logotipo-galerias-fondo-2x-min.webp","contentUrl":"https:\/\/galeriaseltriunfo.com\/wp-content\/uploads\/2023\/08\/logotipo-galerias-fondo-2x-min.webp","width":184,"height":264,"caption":"Galer\u00edas el Triunfo"},"image":{"@id":"https:\/\/galeriaseltriunfo.com\/dev2\/#\/schema\/logo\/image\/"},"sameAs":["https:\/\/www.facebook.com\/galeriaseltriunfo","https:\/\/x.com\/Gal_El_Triunfo","https:\/\/www.pinterest.com\/GaleriaselTriunfo","https:\/\/instagram.com\/galeriaseltriunfomx","https:\/\/www.youtube.com\/channel\/UChIaW2ZBBS4Pg8pkw0HuE7g","https:\/\/www.tiktok.com\/@galeriaseltriunfo"]},{"@type":"Person","@id":"https:\/\/galeriaseltriunfo.com\/dev2\/#\/schema\/person\/76a898e452a45dfad4dc45773f2649a5","name":"Carlos Flores","url":"https:\/\/galeriaseltriunfo.com\/dev2\/author\/giovanna\/"}]}},"_links":{"self":[{"href":"https:\/\/galeriaseltriunfo.com\/dev2\/wp-json\/wp\/v2\/posts\/191857","targetHints":{"allow":["GET"]}}],"collection":[{"href":"https:\/\/galeriaseltriunfo.com\/dev2\/wp-json\/wp\/v2\/posts"}],"about":[{"href":"https:\/\/galeriaseltriunfo.com\/dev2\/wp-json\/wp\/v2\/types\/post"}],"author":[{"embeddable":true,"href":"https:\/\/galeriaseltriunfo.com\/dev2\/wp-json\/wp\/v2\/users\/1473"}],"replies":[{"embeddable":true,"href":"https:\/\/galeriaseltriunfo.com\/dev2\/wp-json\/wp\/v2\/comments?post=191857"}],"version-history":[{"count":0,"href":"https:\/\/galeriaseltriunfo.com\/dev2\/wp-json\/wp\/v2\/posts\/191857\/revisions"}],"wp:featuredmedia":[{"embeddable":true,"href":"https:\/\/galeriaseltriunfo.com\/dev2\/wp-json\/wp\/v2\/media\/192130"}],"wp:attachment":[{"href":"https:\/\/galeriaseltriunfo.com\/dev2\/wp-json\/wp\/v2\/media?parent=191857"}],"wp:term":[{"taxonomy":"category","embeddable":true,"href":"https:\/\/galeriaseltriunfo.com\/dev2\/wp-json\/wp\/v2\/categories?post=191857"},{"taxonomy":"post_tag","embeddable":true,"href":"https:\/\/galeriaseltriunfo.com\/dev2\/wp-json\/wp\/v2\/tags?post=191857"}],"curies":[{"name":"wp","href":"https:\/\/api.w.org\/{rel}","templated":true}]}}