{"id":193856,"date":"2023-10-28T12:12:25","date_gmt":"2023-10-28T18:12:25","guid":{"rendered":"https:\/\/galeriaseltriunfo.com\/?p=193856"},"modified":"2023-10-28T12:12:27","modified_gmt":"2023-10-28T18:12:27","slug":"dia-de-muertos-en-mexico","status":"publish","type":"post","link":"https:\/\/galeriaseltriunfo.com\/dev2\/dia-de-muertos-en-mexico\/","title":{"rendered":"D\u00eda de Muertos en M\u00e9xico"},"content":{"rendered":"\n<p class=\"has-medium-font-size\"><strong><mark class=\"has-inline-color has-luminous-vivid-orange-color\">\u00bfTe has preguntado por qu\u00e9 se celebra el D\u00eda de Muertos?<\/mark><\/strong> <br><br>Esta celebraci\u00f3n mexicana nos recuerda cu\u00e1n finitos somos; no obstante, tambi\u00e9n nos ense\u00f1a que la muerte es parte de la vida y debemos festejarla.<\/p>\n\n\n\n<p class=\"has-vivid-purple-color has-text-color\">El\u00a0<a href=\"https:\/\/www.galeriaseltriunfo.com\/\"><strong>D\u00eda de Muertos<\/strong>\u00a0<\/a>es una tradici\u00f3n mexicana de origen prehisp\u00e1nico que se celebra principalmente el 1 y 2 de noviembre. Sin embargo,<strong>\u00a0se dice que desde el 28 de octubre comienzan a llegar las almas<\/strong>. Adem\u00e1s, \u00faltimamente los preparativos inician muchas semanas antes y es que la belleza y complejidad de esta celebraci\u00f3n ha atra\u00eddo la atenci\u00f3n de todo el mundo.<\/p>\n\n\n\n<p><strong><mark class=\"has-inline-color has-luminous-vivid-orange-color\"><a href=\"https:\/\/www.galeriaseltriunfo.com\/\">D\u00eda de Muertos, la historia de una tradici\u00f3n<\/a><\/mark><\/strong><\/p>\n\n\n\n<p>De hecho, la UNESCO la nombr\u00f3 Patrimonio Inmaterial de la Humanidad en 2008. Ad\u00e9ntrate en sus or\u00edgenes y conoce los elementos que componen esta entra\u00f1able fiesta mexicana.<\/p>\n\n\n\n<figure class=\"wp-block-image size-full\"><a href=\"https:\/\/galeriaseltriunfo.com\/wp-content\/uploads\/2023\/10\/portada-blog-1.jpg.webp\"><img decoding=\"async\" width=\"800\" height=\"500\" src=\"https:\/\/galeriaseltriunfo.com\/wp-content\/uploads\/2023\/10\/portada-blog-1.jpg.webp\" alt=\"\" class=\"wp-image-193858\" srcset=\"https:\/\/galeriaseltriunfo.com\/dev2\/wp-content\/uploads\/2023\/10\/portada-blog-1.jpg-700x438.webp 700w, https:\/\/galeriaseltriunfo.com\/dev2\/wp-content\/uploads\/2023\/10\/portada-blog-1.jpg.webp 800w\" sizes=\"(max-width: 800px) 100vw, 800px\" \/><\/a><\/figure>\n\n\n\n<p>Es un hecho, de la muerte nadie escapa. Sin embargo, pese al dolor que su presencia pueda provocar, de nuestros pueblos ind\u00edgenas hemos aprendido a percibirla como una etapa en la que debemos regocijarnos pues, como dir\u00eda el escritor Mario Benedetti \u201c<strong>la muerte es solo un s\u00edntoma de que hubo vida<\/strong>\u201c. Como prueba de esto, los mexicanos tenemos el festejo conocido como D\u00eda de Muertos.<\/p>\n\n\n\n<p>Esta celebraci\u00f3n es originaria de la \u00e9poca prehisp\u00e1nica. En ese periodo, muchas etnias mesoamericanas rend\u00edan culto a la muerte. Entre ellas estaba la mexica cuyos dioses encargados de definir el destino de las \u00e1nimas eran\u00a0<strong>Mictecac\u00edhuatl<\/strong>\u00a0y\u00a0<strong>Mictlantecuhtli<\/strong>. Ambos eran se\u00f1ores del\u00a0<a href=\"https:\/\/www.galeriaseltriunfo.com\/\">Mictl\u00e1n<\/a>\u00a0o \u201clugar de los muertos\u201d. Sin embargo, para llegar aqu\u00ed, las almas deb\u00edan lidiar y sortear una serie de obst\u00e1culos para poder conseguir el descanso eterno.<\/p>\n\n\n\n<p><strong><mark class=\"has-inline-color has-luminous-vivid-orange-color\">Fechas de D\u00eda de Muertos en M\u00e9xico<\/mark><\/strong><\/p>\n\n\n\n<p class=\"has-vivid-purple-color has-text-color\">Aunque las principales fechas en las que se celebra D\u00eda de Muertos son el 1 y el 2 de noviembre, hay otros d\u00edas que tambi\u00e9n son importantes: 28, 29, 30 y 31 de octubre. Seg\u00fan la tradici\u00f3n, se cree que el 28 de octubre visitan las ofrendas aquellas almas que murieron de forma tr\u00e1gica; el 29 llegan quienes fallecieron por ahogamiento. Por su parte, durante el 30 y el 31 de octubre vienen los esp\u00edritus de aquellos ni\u00f1os que fallecieron sin ser bautizados.<\/p>\n\n\n\n<p><strong><mark class=\"has-inline-color has-luminous-vivid-orange-color\">Las ofrendas de d\u00eda de muertos<\/mark><\/strong><\/p>\n\n\n\n<p>Las\u00a0<a href=\"https:\/\/www.galeriaseltriunfo.com\/\"><strong>ofrendas de d\u00eda de muertos<\/strong>\u00a0<\/a>son altares de origen prehisp\u00e1nico. Estos eran dedicados a distintas deidades y se colocaban en fechas diferentes. Sin embargo, la del se\u00f1or de los muertos,\u00a0<strong><a href=\"https:\/\/www.galeriaseltriunfo.com\/\">Mictlantecuhtli<\/a><\/strong>, se celebraba en el mes que ahora conocemos como noviembre. Esta coincidencia fue aprovechada por los evangelizadores durante La Colonia para hacer un sincretismo entre el cristianismo y las creencias religiosas aut\u00f3ctonas.<\/p>\n\n\n\n<p>Originalmente, los altares se pon\u00edan un par de d\u00edas antes del 1 y 2 de noviembre, es decir, el 30 o 31 de octubre y permanec\u00edan hasta el 3. Ahora, es muy com\u00fan que, debido al esfuerzo creativo que se invierte en colocarlas, se pongan antes y se quiten despu\u00e9s.&nbsp;<strong>Aunque los 1 y 2 de noviembre no han dejado de ser los d\u00edas principales<\/strong>. De acuerdo con la tradici\u00f3n, en esas dos fechas nos visitan todas las almas que se desprendieron de sus cuerpos, es decir, nuestros difuntos.<\/p>\n\n\n\n<p><strong><mark class=\"has-inline-color has-luminous-vivid-orange-color\">10 elementos de la ofrenda de D\u00eda de Muertos<\/mark><\/strong><\/p>\n\n\n\n<ul class=\"wp-block-list\">\n<li><a href=\"https:\/\/www.galeriaseltriunfo.com\/\"><strong>Mantel blanco.<\/strong>\u00a0<\/a>El color del mantel es importante debido a que significa pureza y alegr\u00eda para recibir a los fieles difuntos.<\/li>\n\n\n\n<li><a href=\"https:\/\/www.galeriaseltriunfo.com\/\"><strong>Fotograf\u00edas de los difuntos.<\/strong>\u00a0<\/a>Es muy com\u00fan colocar retratos de las personas amadas que ya no est\u00e1n entre nosotros. No obstante, te sugerimos poner alguna de tus fotos favoritas.<\/li>\n<\/ul>\n\n\n\n<ul class=\"wp-block-list\">\n<li><strong>Incienso o copal.<\/strong>&nbsp;El humo que desprende el copal o incienso, es la gu\u00eda olfativa para que nuestros muertos puedan llegar con nosotros.<\/li>\n\n\n\n<li><strong>Papel picado.&nbsp;<\/strong>Adem\u00e1s de ser una decoraci\u00f3n muy bella y llamativa, el papel picado representa el aire.<\/li>\n\n\n\n<li><strong>Agua<\/strong>. Seg\u00fan las creencias, cuando los muertos llegan al altar est\u00e1n sedientos debido al viaje. Por ello es imprescindible ofrecerles agua fresca y limpia.<\/li>\n\n\n\n<li><strong><a href=\"https:\/\/www.galeriaseltriunfo.com\/\">Veladoras.<\/a><\/strong>\u00a0Estas representan el fuego y la luz. Igual que el incienso, funcionan como una gu\u00eda para  las almas.<\/li>\n\n\n\n<li><strong>Bebidas y platillos favoritos de los difuntos<\/strong>. Ya sea pozole, tepache, tequila o lo que sea que nuestros difuntos adoraron consumir en vida, es importante ponerlos en el altar. <\/li>\n\n\n\n<li><strong>Flor de cempas\u00fachil.<\/strong>&nbsp;Esta flor de apariencia esponjosa tambi\u00e9n es conocida como \u201cflor de veinte p\u00e9talos\u201d. Se utilizan principalmente para decorar o crear caminos que gu\u00eden los esp\u00edritus de nuestros muertos.<\/li>\n\n\n\n<li><a href=\"https:\/\/www.galeriaseltriunfo.com\/\"><strong>Calaveritas<\/strong>. <\/a>En la antig\u00fcedad se utilizaban cr\u00e1neos de verdad. Despu\u00e9s se sustituyeron con calaveras hechas con az\u00facar, chocolate o amaranto. Cada cr\u00e1neo representa a un difunto.<\/li>\n\n\n\n<li><strong>Pan de muerto.<\/strong>&nbsp;Adem\u00e1s de delicioso, el pan de muerto es la representaci\u00f3n del esqueleto de los difuntos.<\/li>\n<\/ul>\n\n\n\n<p><\/p>\n\n\n\n<p><strong><mark class=\"has-inline-color has-luminous-vivid-orange-color\">Calaveritas literarias<\/mark><\/strong><\/p>\n\n\n\n<p>\u00a0Comenzaron a escribirse durante el siglo XIX y se volvieron muy populares en el XX. Est\u00e1s son hechas con el fin de hablar sobre la muerte con un buen sentido del humor. Usualmente, las dedicamos a personas allegadas aunque tambi\u00e9n se utilizan con tem\u00e1ticas sociales e hist\u00f3ricas. Por ejemplo, el c\u00e9lebre artista mexicano, Jos\u00e9 Guadalupe Posada escribi\u00f3 una calavera sobre Madero:<\/p>\n\n\n\n<p>No corras tanto Madero<br>Det\u00e9n un poco tu trote,<br>Porque con ese galope,<br>Te volviste narangero.<\/p>\n\n\n\n<p>Ya no corras\u2026 detente<br>Acorta ya tu carrera,<br>Que te gritar\u00e1 la gente:<br>\u00a1A, que horrible calavera!<\/p>\n\n\n\n<p>Madero, en esta ocasi\u00f3n<br>Es mucho lo que has corrido<br>Perdiste ya la raz\u00f3n,<br>Y en la muerte te has convertido.<br>Ahora tu filiaci\u00f3n<br>La tiene el nuevo partido:<br>Tu calavera te han metido,<br>Al horno de cremaci\u00f3n.<br><\/p>\n\n\n\n<p>Vis\u00edtanos en <a href=\"https:\/\/www.galeriaseltriunfo.com\/\">Galer\u00edas El Triunfo <\/a>y encuentra nuestros art\u00edculos para hacer de tu ofrenda algo muy especial. <a href=\"https:\/\/www.galeriaseltriunfo.com\/\">https:\/\/www.galeriaseltriunfo.com\/<\/a><\/p>\n","protected":false},"excerpt":{"rendered":"<p>\u00bfTe has preguntado por qu\u00e9 se celebra el D\u00eda de  [&#8230;]<\/p>\n","protected":false},"author":1473,"featured_media":193857,"comment_status":"open","ping_status":"closed","sticky":false,"template":"","format":"standard","meta":{"footnotes":""},"categories":[651],"tags":[],"class_list":["post-193856","post","type-post","status-publish","format-standard","has-post-thumbnail","hentry","category-blog"],"yoast_head":"<!-- This site is optimized with the Yoast SEO plugin v27.4 - https:\/\/yoast.com\/product\/yoast-seo-wordpress\/ -->\n<title>D\u00eda de Muertos en M\u00e9xico - Galer\u00edas el Triunfo<\/title>\n<meta name=\"robots\" content=\"index, follow, max-snippet:-1, max-image-preview:large, max-video-preview:-1\" \/>\n<link rel=\"canonical\" href=\"https:\/\/galeriaseltriunfo.com\/dev2\/dia-de-muertos-en-mexico\/\" \/>\n<meta property=\"og:locale\" content=\"es_MX\" \/>\n<meta property=\"og:type\" content=\"article\" \/>\n<meta property=\"og:title\" content=\"D\u00eda de Muertos en M\u00e9xico - Galer\u00edas el Triunfo\" \/>\n<meta property=\"og:description\" content=\"\u00bfTe has preguntado por qu\u00e9 se celebra el D\u00eda de [...]\" \/>\n<meta property=\"og:url\" content=\"https:\/\/galeriaseltriunfo.com\/dev2\/dia-de-muertos-en-mexico\/\" \/>\n<meta property=\"og:site_name\" content=\"Galer\u00edas el Triunfo\" \/>\n<meta property=\"article:publisher\" content=\"https:\/\/www.facebook.com\/galeriaseltriunfo\" \/>\n<meta property=\"article:published_time\" content=\"2023-10-28T18:12:25+00:00\" \/>\n<meta property=\"article:modified_time\" content=\"2023-10-28T18:12:27+00:00\" \/>\n<meta property=\"og:image\" content=\"https:\/\/galeriaseltriunfo.com\/dev2\/wp-content\/uploads\/2023\/10\/portada-blog.jpg.webp\" \/>\n\t<meta property=\"og:image:width\" content=\"800\" \/>\n\t<meta property=\"og:image:height\" content=\"500\" \/>\n\t<meta property=\"og:image:type\" content=\"image\/webp\" \/>\n<meta name=\"author\" content=\"Carlos Flores\" \/>\n<meta name=\"twitter:card\" content=\"summary_large_image\" \/>\n<meta name=\"twitter:creator\" content=\"@Gal_El_Triunfo\" \/>\n<meta name=\"twitter:site\" content=\"@Gal_El_Triunfo\" \/>\n<meta name=\"twitter:label1\" content=\"Escrito por\" \/>\n\t<meta name=\"twitter:data1\" content=\"Carlos Flores\" \/>\n\t<meta name=\"twitter:label2\" content=\"Tiempo de lectura\" \/>\n\t<meta name=\"twitter:data2\" content=\"5 minutos\" \/>\n<script type=\"application\/ld+json\" class=\"yoast-schema-graph\">{\"@context\":\"https:\\\/\\\/schema.org\",\"@graph\":[{\"@type\":\"Article\",\"@id\":\"https:\\\/\\\/galeriaseltriunfo.com\\\/dev2\\\/dia-de-muertos-en-mexico\\\/#article\",\"isPartOf\":{\"@id\":\"https:\\\/\\\/galeriaseltriunfo.com\\\/dev2\\\/dia-de-muertos-en-mexico\\\/\"},\"author\":{\"name\":\"Carlos Flores\",\"@id\":\"https:\\\/\\\/galeriaseltriunfo.com\\\/dev2\\\/#\\\/schema\\\/person\\\/76a898e452a45dfad4dc45773f2649a5\"},\"headline\":\"D\u00eda de Muertos en M\u00e9xico\",\"datePublished\":\"2023-10-28T18:12:25+00:00\",\"dateModified\":\"2023-10-28T18:12:27+00:00\",\"mainEntityOfPage\":{\"@id\":\"https:\\\/\\\/galeriaseltriunfo.com\\\/dev2\\\/dia-de-muertos-en-mexico\\\/\"},\"wordCount\":988,\"commentCount\":0,\"publisher\":{\"@id\":\"https:\\\/\\\/galeriaseltriunfo.com\\\/dev2\\\/#organization\"},\"image\":{\"@id\":\"https:\\\/\\\/galeriaseltriunfo.com\\\/dev2\\\/dia-de-muertos-en-mexico\\\/#primaryimage\"},\"thumbnailUrl\":\"https:\\\/\\\/galeriaseltriunfo.com\\\/dev2\\\/wp-content\\\/uploads\\\/2023\\\/10\\\/portada-blog.jpg.webp\",\"articleSection\":[\"blog\"],\"inLanguage\":\"es\",\"potentialAction\":[{\"@type\":\"CommentAction\",\"name\":\"Comment\",\"target\":[\"https:\\\/\\\/galeriaseltriunfo.com\\\/dev2\\\/dia-de-muertos-en-mexico\\\/#respond\"]}]},{\"@type\":\"WebPage\",\"@id\":\"https:\\\/\\\/galeriaseltriunfo.com\\\/dev2\\\/dia-de-muertos-en-mexico\\\/\",\"url\":\"https:\\\/\\\/galeriaseltriunfo.com\\\/dev2\\\/dia-de-muertos-en-mexico\\\/\",\"name\":\"D\u00eda de Muertos en M\u00e9xico - Galer\u00edas el Triunfo\",\"isPartOf\":{\"@id\":\"https:\\\/\\\/galeriaseltriunfo.com\\\/dev2\\\/#website\"},\"primaryImageOfPage\":{\"@id\":\"https:\\\/\\\/galeriaseltriunfo.com\\\/dev2\\\/dia-de-muertos-en-mexico\\\/#primaryimage\"},\"image\":{\"@id\":\"https:\\\/\\\/galeriaseltriunfo.com\\\/dev2\\\/dia-de-muertos-en-mexico\\\/#primaryimage\"},\"thumbnailUrl\":\"https:\\\/\\\/galeriaseltriunfo.com\\\/dev2\\\/wp-content\\\/uploads\\\/2023\\\/10\\\/portada-blog.jpg.webp\",\"datePublished\":\"2023-10-28T18:12:25+00:00\",\"dateModified\":\"2023-10-28T18:12:27+00:00\",\"breadcrumb\":{\"@id\":\"https:\\\/\\\/galeriaseltriunfo.com\\\/dev2\\\/dia-de-muertos-en-mexico\\\/#breadcrumb\"},\"inLanguage\":\"es\",\"potentialAction\":[{\"@type\":\"ReadAction\",\"target\":[\"https:\\\/\\\/galeriaseltriunfo.com\\\/dev2\\\/dia-de-muertos-en-mexico\\\/\"]}]},{\"@type\":\"ImageObject\",\"inLanguage\":\"es\",\"@id\":\"https:\\\/\\\/galeriaseltriunfo.com\\\/dev2\\\/dia-de-muertos-en-mexico\\\/#primaryimage\",\"url\":\"https:\\\/\\\/galeriaseltriunfo.com\\\/dev2\\\/wp-content\\\/uploads\\\/2023\\\/10\\\/portada-blog.jpg.webp\",\"contentUrl\":\"https:\\\/\\\/galeriaseltriunfo.com\\\/dev2\\\/wp-content\\\/uploads\\\/2023\\\/10\\\/portada-blog.jpg.webp\",\"width\":800,\"height\":500,\"caption\":\"D\u00eda de Muertos\"},{\"@type\":\"BreadcrumbList\",\"@id\":\"https:\\\/\\\/galeriaseltriunfo.com\\\/dev2\\\/dia-de-muertos-en-mexico\\\/#breadcrumb\",\"itemListElement\":[{\"@type\":\"ListItem\",\"position\":1,\"name\":\"Inicio\",\"item\":\"https:\\\/\\\/galeriaseltriunfo.com\\\/dev2\\\/\"},{\"@type\":\"ListItem\",\"position\":2,\"name\":\"D\u00eda de Muertos en M\u00e9xico\"}]},{\"@type\":\"WebSite\",\"@id\":\"https:\\\/\\\/galeriaseltriunfo.com\\\/dev2\\\/#website\",\"url\":\"https:\\\/\\\/galeriaseltriunfo.com\\\/dev2\\\/\",\"name\":\"Galer\u00edas el Triunfo\",\"description\":\"Galer\u00edas el Triunfo es una de las tiendas online m\u00e1s grandes de accesorios y art\u00edculos de decoraci\u00f3n para el hogar, el jard\u00edn y la oficina. \u00a1Compra ahora!\",\"publisher\":{\"@id\":\"https:\\\/\\\/galeriaseltriunfo.com\\\/dev2\\\/#organization\"},\"potentialAction\":[{\"@type\":\"SearchAction\",\"target\":{\"@type\":\"EntryPoint\",\"urlTemplate\":\"https:\\\/\\\/galeriaseltriunfo.com\\\/dev2\\\/?s={search_term_string}\"},\"query-input\":{\"@type\":\"PropertyValueSpecification\",\"valueRequired\":true,\"valueName\":\"search_term_string\"}}],\"inLanguage\":\"es\"},{\"@type\":\"Organization\",\"@id\":\"https:\\\/\\\/galeriaseltriunfo.com\\\/dev2\\\/#organization\",\"name\":\"Galer\u00edas el Triunfo\",\"url\":\"https:\\\/\\\/galeriaseltriunfo.com\\\/dev2\\\/\",\"logo\":{\"@type\":\"ImageObject\",\"inLanguage\":\"es\",\"@id\":\"https:\\\/\\\/galeriaseltriunfo.com\\\/dev2\\\/#\\\/schema\\\/logo\\\/image\\\/\",\"url\":\"https:\\\/\\\/galeriaseltriunfo.com\\\/wp-content\\\/uploads\\\/2023\\\/08\\\/logotipo-galerias-fondo-2x-min.webp\",\"contentUrl\":\"https:\\\/\\\/galeriaseltriunfo.com\\\/wp-content\\\/uploads\\\/2023\\\/08\\\/logotipo-galerias-fondo-2x-min.webp\",\"width\":184,\"height\":264,\"caption\":\"Galer\u00edas el Triunfo\"},\"image\":{\"@id\":\"https:\\\/\\\/galeriaseltriunfo.com\\\/dev2\\\/#\\\/schema\\\/logo\\\/image\\\/\"},\"sameAs\":[\"https:\\\/\\\/www.facebook.com\\\/galeriaseltriunfo\",\"https:\\\/\\\/x.com\\\/Gal_El_Triunfo\",\"https:\\\/\\\/www.pinterest.com\\\/GaleriaselTriunfo\",\"https:\\\/\\\/instagram.com\\\/galeriaseltriunfomx\",\"https:\\\/\\\/www.youtube.com\\\/channel\\\/UChIaW2ZBBS4Pg8pkw0HuE7g\",\"https:\\\/\\\/www.tiktok.com\\\/@galeriaseltriunfo\"]},{\"@type\":\"Person\",\"@id\":\"https:\\\/\\\/galeriaseltriunfo.com\\\/dev2\\\/#\\\/schema\\\/person\\\/76a898e452a45dfad4dc45773f2649a5\",\"name\":\"Carlos Flores\",\"url\":\"https:\\\/\\\/galeriaseltriunfo.com\\\/dev2\\\/author\\\/giovanna\\\/\"}]}<\/script>\n<!-- \/ Yoast SEO plugin. -->","yoast_head_json":{"title":"D\u00eda de Muertos en M\u00e9xico - Galer\u00edas el Triunfo","robots":{"index":"index","follow":"follow","max-snippet":"max-snippet:-1","max-image-preview":"max-image-preview:large","max-video-preview":"max-video-preview:-1"},"canonical":"https:\/\/galeriaseltriunfo.com\/dev2\/dia-de-muertos-en-mexico\/","og_locale":"es_MX","og_type":"article","og_title":"D\u00eda de Muertos en M\u00e9xico - Galer\u00edas el Triunfo","og_description":"\u00bfTe has preguntado por qu\u00e9 se celebra el D\u00eda de [...]","og_url":"https:\/\/galeriaseltriunfo.com\/dev2\/dia-de-muertos-en-mexico\/","og_site_name":"Galer\u00edas el Triunfo","article_publisher":"https:\/\/www.facebook.com\/galeriaseltriunfo","article_published_time":"2023-10-28T18:12:25+00:00","article_modified_time":"2023-10-28T18:12:27+00:00","og_image":[{"width":800,"height":500,"url":"https:\/\/galeriaseltriunfo.com\/dev2\/wp-content\/uploads\/2023\/10\/portada-blog.jpg.webp","type":"image\/webp"}],"author":"Carlos Flores","twitter_card":"summary_large_image","twitter_creator":"@Gal_El_Triunfo","twitter_site":"@Gal_El_Triunfo","twitter_misc":{"Escrito por":"Carlos Flores","Tiempo de lectura":"5 minutos"},"schema":{"@context":"https:\/\/schema.org","@graph":[{"@type":"Article","@id":"https:\/\/galeriaseltriunfo.com\/dev2\/dia-de-muertos-en-mexico\/#article","isPartOf":{"@id":"https:\/\/galeriaseltriunfo.com\/dev2\/dia-de-muertos-en-mexico\/"},"author":{"name":"Carlos Flores","@id":"https:\/\/galeriaseltriunfo.com\/dev2\/#\/schema\/person\/76a898e452a45dfad4dc45773f2649a5"},"headline":"D\u00eda de Muertos en M\u00e9xico","datePublished":"2023-10-28T18:12:25+00:00","dateModified":"2023-10-28T18:12:27+00:00","mainEntityOfPage":{"@id":"https:\/\/galeriaseltriunfo.com\/dev2\/dia-de-muertos-en-mexico\/"},"wordCount":988,"commentCount":0,"publisher":{"@id":"https:\/\/galeriaseltriunfo.com\/dev2\/#organization"},"image":{"@id":"https:\/\/galeriaseltriunfo.com\/dev2\/dia-de-muertos-en-mexico\/#primaryimage"},"thumbnailUrl":"https:\/\/galeriaseltriunfo.com\/dev2\/wp-content\/uploads\/2023\/10\/portada-blog.jpg.webp","articleSection":["blog"],"inLanguage":"es","potentialAction":[{"@type":"CommentAction","name":"Comment","target":["https:\/\/galeriaseltriunfo.com\/dev2\/dia-de-muertos-en-mexico\/#respond"]}]},{"@type":"WebPage","@id":"https:\/\/galeriaseltriunfo.com\/dev2\/dia-de-muertos-en-mexico\/","url":"https:\/\/galeriaseltriunfo.com\/dev2\/dia-de-muertos-en-mexico\/","name":"D\u00eda de Muertos en M\u00e9xico - Galer\u00edas el Triunfo","isPartOf":{"@id":"https:\/\/galeriaseltriunfo.com\/dev2\/#website"},"primaryImageOfPage":{"@id":"https:\/\/galeriaseltriunfo.com\/dev2\/dia-de-muertos-en-mexico\/#primaryimage"},"image":{"@id":"https:\/\/galeriaseltriunfo.com\/dev2\/dia-de-muertos-en-mexico\/#primaryimage"},"thumbnailUrl":"https:\/\/galeriaseltriunfo.com\/dev2\/wp-content\/uploads\/2023\/10\/portada-blog.jpg.webp","datePublished":"2023-10-28T18:12:25+00:00","dateModified":"2023-10-28T18:12:27+00:00","breadcrumb":{"@id":"https:\/\/galeriaseltriunfo.com\/dev2\/dia-de-muertos-en-mexico\/#breadcrumb"},"inLanguage":"es","potentialAction":[{"@type":"ReadAction","target":["https:\/\/galeriaseltriunfo.com\/dev2\/dia-de-muertos-en-mexico\/"]}]},{"@type":"ImageObject","inLanguage":"es","@id":"https:\/\/galeriaseltriunfo.com\/dev2\/dia-de-muertos-en-mexico\/#primaryimage","url":"https:\/\/galeriaseltriunfo.com\/dev2\/wp-content\/uploads\/2023\/10\/portada-blog.jpg.webp","contentUrl":"https:\/\/galeriaseltriunfo.com\/dev2\/wp-content\/uploads\/2023\/10\/portada-blog.jpg.webp","width":800,"height":500,"caption":"D\u00eda de Muertos"},{"@type":"BreadcrumbList","@id":"https:\/\/galeriaseltriunfo.com\/dev2\/dia-de-muertos-en-mexico\/#breadcrumb","itemListElement":[{"@type":"ListItem","position":1,"name":"Inicio","item":"https:\/\/galeriaseltriunfo.com\/dev2\/"},{"@type":"ListItem","position":2,"name":"D\u00eda de Muertos en M\u00e9xico"}]},{"@type":"WebSite","@id":"https:\/\/galeriaseltriunfo.com\/dev2\/#website","url":"https:\/\/galeriaseltriunfo.com\/dev2\/","name":"Galer\u00edas el Triunfo","description":"Galer\u00edas el Triunfo es una de las tiendas online m\u00e1s grandes de accesorios y art\u00edculos de decoraci\u00f3n para el hogar, el jard\u00edn y la oficina. \u00a1Compra ahora!","publisher":{"@id":"https:\/\/galeriaseltriunfo.com\/dev2\/#organization"},"potentialAction":[{"@type":"SearchAction","target":{"@type":"EntryPoint","urlTemplate":"https:\/\/galeriaseltriunfo.com\/dev2\/?s={search_term_string}"},"query-input":{"@type":"PropertyValueSpecification","valueRequired":true,"valueName":"search_term_string"}}],"inLanguage":"es"},{"@type":"Organization","@id":"https:\/\/galeriaseltriunfo.com\/dev2\/#organization","name":"Galer\u00edas el Triunfo","url":"https:\/\/galeriaseltriunfo.com\/dev2\/","logo":{"@type":"ImageObject","inLanguage":"es","@id":"https:\/\/galeriaseltriunfo.com\/dev2\/#\/schema\/logo\/image\/","url":"https:\/\/galeriaseltriunfo.com\/wp-content\/uploads\/2023\/08\/logotipo-galerias-fondo-2x-min.webp","contentUrl":"https:\/\/galeriaseltriunfo.com\/wp-content\/uploads\/2023\/08\/logotipo-galerias-fondo-2x-min.webp","width":184,"height":264,"caption":"Galer\u00edas el Triunfo"},"image":{"@id":"https:\/\/galeriaseltriunfo.com\/dev2\/#\/schema\/logo\/image\/"},"sameAs":["https:\/\/www.facebook.com\/galeriaseltriunfo","https:\/\/x.com\/Gal_El_Triunfo","https:\/\/www.pinterest.com\/GaleriaselTriunfo","https:\/\/instagram.com\/galeriaseltriunfomx","https:\/\/www.youtube.com\/channel\/UChIaW2ZBBS4Pg8pkw0HuE7g","https:\/\/www.tiktok.com\/@galeriaseltriunfo"]},{"@type":"Person","@id":"https:\/\/galeriaseltriunfo.com\/dev2\/#\/schema\/person\/76a898e452a45dfad4dc45773f2649a5","name":"Carlos Flores","url":"https:\/\/galeriaseltriunfo.com\/dev2\/author\/giovanna\/"}]}},"_links":{"self":[{"href":"https:\/\/galeriaseltriunfo.com\/dev2\/wp-json\/wp\/v2\/posts\/193856","targetHints":{"allow":["GET"]}}],"collection":[{"href":"https:\/\/galeriaseltriunfo.com\/dev2\/wp-json\/wp\/v2\/posts"}],"about":[{"href":"https:\/\/galeriaseltriunfo.com\/dev2\/wp-json\/wp\/v2\/types\/post"}],"author":[{"embeddable":true,"href":"https:\/\/galeriaseltriunfo.com\/dev2\/wp-json\/wp\/v2\/users\/1473"}],"replies":[{"embeddable":true,"href":"https:\/\/galeriaseltriunfo.com\/dev2\/wp-json\/wp\/v2\/comments?post=193856"}],"version-history":[{"count":0,"href":"https:\/\/galeriaseltriunfo.com\/dev2\/wp-json\/wp\/v2\/posts\/193856\/revisions"}],"wp:featuredmedia":[{"embeddable":true,"href":"https:\/\/galeriaseltriunfo.com\/dev2\/wp-json\/wp\/v2\/media\/193857"}],"wp:attachment":[{"href":"https:\/\/galeriaseltriunfo.com\/dev2\/wp-json\/wp\/v2\/media?parent=193856"}],"wp:term":[{"taxonomy":"category","embeddable":true,"href":"https:\/\/galeriaseltriunfo.com\/dev2\/wp-json\/wp\/v2\/categories?post=193856"},{"taxonomy":"post_tag","embeddable":true,"href":"https:\/\/galeriaseltriunfo.com\/dev2\/wp-json\/wp\/v2\/tags?post=193856"}],"curies":[{"name":"wp","href":"https:\/\/api.w.org\/{rel}","templated":true}]}}