{"id":478119,"date":"2025-11-28T17:01:26","date_gmt":"2025-11-28T23:01:26","guid":{"rendered":"https:\/\/galeriaseltriunfo.com\/?p=478119"},"modified":"2026-01-27T12:17:35","modified_gmt":"2026-01-27T18:17:35","slug":"tendencia-de-decoracion-que-abraza-la-elegancia-oscura","status":"publish","type":"post","link":"https:\/\/galeriaseltriunfo.com\/dev2\/tendencia-de-decoracion-que-abraza-la-elegancia-oscura\/","title":{"rendered":"Tendencia de Decoraci\u00f3n que Abraza la Elegancia Oscura"},"content":{"rendered":"<p><img decoding=\"async\" class=\"wp-image-478123 aligncenter\" src=\"https:\/\/galeriaseltriunfo.com\/wp-content\/uploads\/2025\/11\/blackweekend.png\" alt=\"\" width=\"739\" height=\"739\" srcset=\"https:\/\/galeriaseltriunfo.com\/dev2\/wp-content\/uploads\/2025\/11\/blackweekend-100x100.png 100w, https:\/\/galeriaseltriunfo.com\/dev2\/wp-content\/uploads\/2025\/11\/blackweekend-300x300.png 300w, https:\/\/galeriaseltriunfo.com\/dev2\/wp-content\/uploads\/2025\/11\/blackweekend-700x700.png 700w, https:\/\/galeriaseltriunfo.com\/dev2\/wp-content\/uploads\/2025\/11\/blackweekend.png 1024w\" sizes=\"(max-width: 739px) 100vw, 739px\" \/><\/p>\n<p>&nbsp;<\/p>\n<p><span style=\"font-weight: 400;\">El &#8220;Black Long Weekend&#8221; es m\u00e1s que una temporada de compras; es una declaraci\u00f3n est\u00e9tica que ha conquistado el interiorismo. Esta tendencia rompe con la paleta n\u00f3rdica tradicional y nos invita a abrazar la sofisticaci\u00f3n, el misterio y la profundidad de los tonos oscuros, con el negro como protagonista absoluto.<\/span><\/p>\n<p><span style=\"font-weight: 400;\">Lejos de hacer un espacio sombr\u00edo, la decoraci\u00f3n en tonos oscuros crea ambientes que se sienten \u00edntimos, lujosos y profundamente acogedores. \u00bfListo para transformar su hogar con una dosis de <\/span><i><span style=\"font-weight: 400;\">glamour<\/span><\/i><span style=\"font-weight: 400;\"> g\u00f3tico moderno? En Galer\u00edas El Triunfo, tenemos las piezas clave para que el negro y los tonos medianoche se conviertan en su nuevo lienzo. Para dominar esta tendencia, es crucial equilibrar las texturas y la luz:<\/span><\/p>\n<h3><b>La Base: Muebles con Car\u00e1cter<\/b><\/h3>\n<p><span style=\"font-weight: 400;\">El mobiliario es el ancla de esta tendencia. Opte por piezas que irradien una elegancia imponente.<\/span><\/p>\n<ul>\n<li style=\"font-weight: 400;\" aria-level=\"1\"><b>Salas Imponentes:<\/b><span style=\"font-weight: 400;\"> Combina con <a target=\"_blank\" href=\"https:\/\/galeriaseltriunfo.com\/producto\/sillon-giratorio-de-tela-negra-de-70x71-5x78cm-peso-soportado136kgs\/\" rel=\"noopener\">sill\u00f3n auxiliar<\/a> o un <a target=\"_blank\" href=\"https:\/\/galeriaseltriunfo.com\/producto\/sillon-de-polipiel-negro-con-ottoman-de-78x76x86-65x55x22cm\/\" rel=\"noopener\">sof\u00e1<\/a> en colores profundos: negro obsidiana, gris carb\u00f3n o incluso un terciopelo azul petr\u00f3leo.<\/span><\/li>\n<li><b>Mesas de Centro Esculturales:<\/b><span style=\"font-weight: 400;\"> Las <a target=\"_blank\" href=\"https:\/\/galeriaseltriunfo.com\/producto\/credenza-a-cuadros-blancos-con-negro-orilla-dorada-de-130x40x80cm\/\" rel=\"noopener\">Mesas de Centro<\/a> deben tener una presencia s\u00f3lida, con dise\u00f1os con bases de metal <a target=\"_blank\" href=\"https:\/\/galeriaseltriunfo.com\/producto\/mesa-de-metal-diseno-tornillo-negra-con-dorado-de-46x46x52cm\/\" rel=\"noopener\">negro mate<\/a> o hierro forjado, combinados con tapas de m\u00e1rmol oscuro o vidrio ahumado. Esto a\u00f1ade un contraste de materiales que es vital para evitar la monoton\u00eda.<\/span><\/li>\n<\/ul>\n<h3><b>Puntos Focales: Dramatismo en los Accesorios<\/b><\/h3>\n<p><span style=\"font-weight: 400;\">Los peque\u00f1os detalles son los que definen el <\/span><i><span style=\"font-weight: 400;\">mood<\/span><\/i><span style=\"font-weight: 400;\"> de lujo oscuro. Utiliza accesorios para crear puntos de inter\u00e9s con acabados met\u00e1licos que contrasten.<\/span><\/p>\n<ul>\n<li style=\"list-style-type: none;\">\n<ul>\n<li><b>Resina o metal:<\/b><span style=\"font-weight: 400;\"> Opta por <a target=\"_blank\" href=\"https:\/\/galeriaseltriunfo.com\/producto\/estatua-de-poliresina-diseno-hombre-de-acabado-bronce-de-28x43x110cm\/\" rel=\"noopener\">piezas de resina<\/a> o <a target=\"_blank\" href=\"https:\/\/galeriaseltriunfo.com\/producto\/escultura-de-golondrinas-metalicas-con-base-de-50x8-5x49cm-2\/\" rel=\"noopener\">metal<\/a> con acabados en negro mate, o de un profundo c<a target=\"_blank\" href=\"https:\/\/galeriaseltriunfo.com\/producto\/nacimiento-de-venus\/\" rel=\"noopener\">olor bronce<\/a> envejecido. Una escultura geom\u00e9trica o una figura de animal en un tono oscuro sobre una repisa es un toque de sofisticaci\u00f3n instant\u00e1nea.<\/span><\/li>\n<li><b>Cer\u00e1mica y Vidrio Ahumado:<\/b><span style=\"font-weight: 400;\"> Los <\/span><a target=\"_blank\" href=\"https:\/\/galeriaseltriunfo.com\/producto\/jarron-de-metal-con-agarradera-de-cristal-de-12x22x37-5cm\/\" rel=\"noopener\">J<\/a><span style=\"font-weight: 400;\">arrones, <a target=\"_blank\" href=\"https:\/\/galeriaseltriunfo.com\/producto\/florero-negro-con-boquilla-grabada\/\" rel=\"noopener\">Floreros<\/a> y Tibores en cer\u00e1mica texturizada color negro o vidrio en tonos humo oscuro son perfectos. \u00daselos vac\u00edos como elementos <a target=\"_blank\" href=\"https:\/\/galeriaseltriunfo.com\/producto\/jarron-de-poliresina-negro-de-62x60x60cm\/\" rel=\"noopener\">escult\u00f3ricos<\/a> o a\u00f1ada ramas decorativas oscuras para una paleta monocrom\u00e1tica.<\/span><\/li>\n<li style=\"font-weight: 400;\" aria-level=\"1\"><b>Iluminaci\u00f3n de Contraste:<\/b><span style=\"font-weight: 400;\"> La luz c\u00e1lida es imprescindible para suavizar el negro. <a target=\"_blank\" href=\"https:\/\/galeriaseltriunfo.com\/categoria\/decoraciones-para-el-hogar\/iluminacion\/lamparas-de-pie\/\" rel=\"noopener\">L\u00e1mparas de Pie<\/a> con pantallas oscuras (negro o gris) y bases met\u00e1licas doradas o plateadas para un toque Art Dec\u00f3, o simplemente bases negras para una est\u00e9tica <\/span><i><span style=\"font-weight: 400;\">total black<\/span><\/i><span style=\"font-weight: 400;\">.<\/span><\/li>\n<\/ul>\n<\/li>\n<\/ul>\n<p>&nbsp;<\/p>\n<h3><b>Texturas y Profundidad: Textiles de Lujo<\/b><\/h3>\n<p><span style=\"font-weight: 400;\">El secreto de la decoraci\u00f3n oscura exitosa es la riqueza t\u00e1ctil. Las texturas son su mejor aliado para que el ambiente se sienta rico y c\u00e1lido, no fr\u00edo.<\/span><\/p>\n<ul>\n<li style=\"list-style-type: none;\">\n<ul>\n<li style=\"font-weight: 400;\" aria-level=\"1\"><b><a target=\"_blank\" href=\"https:\/\/galeriaseltriunfo.com\/producto\/cojin-tela-negra-abeja-chaquiras-oro-lujo-art-deco\/\" rel=\"noopener\">Cojines de Terciopelo<\/a>:<\/b><span style=\"font-weight: 400;\"> El <a target=\"_blank\" href=\"https:\/\/galeriaseltriunfo.com\/producto\/cojin-polilla-nocturna-chaquiras-terciopelo-negro-lujo\/\" rel=\"noopener\">terciopelo<\/a> (pana o velour) en tonos profundos (<a target=\"_blank\" href=\"https:\/\/galeriaseltriunfo.com\/producto\/cojin-calabazas-chaquiras-negro-otono-festivo\/\" rel=\"noopener\">negro<\/a>, esmeralda oscuro, burdeos) no solo es visualmente atractivo, sino que aporta una calidez y un brillo que capturan la luz sutilmente.<\/span><\/li>\n<li style=\"font-weight: 400;\" aria-level=\"1\"><b>Tapetes que Unen:<\/b><span style=\"font-weight: 400;\"> Un Tapete Decorativo en un <a target=\"_blank\" href=\"https:\/\/galeriaseltriunfo.com\/producto\/tapete-de-colores-gris-con-lineas-negras-de-50x80cm\/\" rel=\"noopener\">tono oscuro<\/a> como <a target=\"_blank\" href=\"https:\/\/galeriaseltriunfo.com\/producto\/tapete-de-yute-con-algodon-a-rayas-color-negro-con-natural-de-200x300cm\/\" rel=\"noopener\">gris<\/a> marengo o negro desgastado ancla la sala y define el espacio. Elija fibras naturales o patrones sutiles que a\u00f1adan una capa de complejidad visual.<\/span><\/li>\n<\/ul>\n<\/li>\n<\/ul>\n<p>&nbsp;<\/p>\n<p><span style=\"font-weight: 400;\">El estilo Black Long Weekend es una elecci\u00f3n audaz que recompensa con un hogar lleno de car\u00e1cter, sofisticaci\u00f3n y un <\/span><i><span style=\"font-weight: 400;\">glamour<\/span><\/i><span style=\"font-weight: 400;\"> inigualable. Es el momento ideal para transformar sus espacios y convertirlos en un santuario de elegancia atemporal.<\/span><\/p>\n<p>&nbsp;<\/p>\n<h4 style=\"text-align: center;\"><span style=\"font-weight: 400;\">Aprovecha los <strong>descuentos<\/strong> que tenemos para ti desde el <strong>20% hasta el 75%.<\/strong> Descubre y elige las piezas que marcar\u00e1n tendencia en tu hogar. Revisa el <\/span><b>Cat\u00e1logo en l\u00ednea de Galer\u00edas El Triunfo<\/b><span style=\"font-weight: 400;\">.<\/span><\/h4>\n<p>&nbsp;<\/p>\n","protected":false},"excerpt":{"rendered":"<p>&nbsp; El &#8220;Black Long Weekend&#8221; es m\u00e1s que una temporada  [&#8230;]<\/p>\n","protected":false},"author":2479,"featured_media":478123,"comment_status":"closed","ping_status":"closed","sticky":false,"template":"","format":"standard","meta":{"footnotes":""},"categories":[651],"tags":[],"class_list":["post-478119","post","type-post","status-publish","format-standard","has-post-thumbnail","hentry","category-blog"],"yoast_head":"<!-- This site is optimized with the Yoast SEO plugin v27.4 - https:\/\/yoast.com\/product\/yoast-seo-wordpress\/ -->\n<title>Elegancia Oscura: La Tendencia que Transforma tu Hogar<\/title>\n<meta name=\"description\" content=\"Descubre la tendencia de la &quot;Elegancia Oscura&quot; en decoraci\u00f3n. El negro y tonos medianoche con texturas lujosas y accesorios met\u00e1licos.\" \/>\n<meta name=\"robots\" content=\"index, follow, max-snippet:-1, max-image-preview:large, max-video-preview:-1\" \/>\n<link rel=\"canonical\" href=\"https:\/\/galeriaseltriunfo.com\/dev2\/tendencia-de-decoracion-que-abraza-la-elegancia-oscura\/\" \/>\n<meta property=\"og:locale\" content=\"es_MX\" \/>\n<meta property=\"og:type\" content=\"article\" \/>\n<meta property=\"og:title\" content=\"Elegancia Oscura: La Tendencia que Transforma tu Hogar\" \/>\n<meta property=\"og:description\" content=\"Descubre la tendencia de la &quot;Elegancia Oscura&quot; en decoraci\u00f3n. El negro y tonos medianoche con texturas lujosas y accesorios met\u00e1licos.\" \/>\n<meta property=\"og:url\" content=\"https:\/\/galeriaseltriunfo.com\/dev2\/tendencia-de-decoracion-que-abraza-la-elegancia-oscura\/\" \/>\n<meta property=\"og:site_name\" content=\"Galer\u00edas el Triunfo\" \/>\n<meta property=\"article:publisher\" content=\"https:\/\/www.facebook.com\/galeriaseltriunfo\" \/>\n<meta property=\"article:published_time\" content=\"2025-11-28T23:01:26+00:00\" \/>\n<meta property=\"article:modified_time\" content=\"2026-01-27T18:17:35+00:00\" \/>\n<meta property=\"og:image\" content=\"https:\/\/galeriaseltriunfo.com\/dev2\/wp-content\/uploads\/2025\/11\/blackweekend.png\" \/>\n\t<meta property=\"og:image:width\" content=\"1024\" \/>\n\t<meta property=\"og:image:height\" content=\"1024\" \/>\n\t<meta property=\"og:image:type\" content=\"image\/png\" \/>\n<meta name=\"author\" content=\"soporte7\" \/>\n<meta name=\"twitter:card\" content=\"summary_large_image\" \/>\n<meta name=\"twitter:creator\" content=\"@Gal_El_Triunfo\" \/>\n<meta name=\"twitter:site\" content=\"@Gal_El_Triunfo\" \/>\n<meta name=\"twitter:label1\" content=\"Escrito por\" \/>\n\t<meta name=\"twitter:data1\" content=\"soporte7\" \/>\n\t<meta name=\"twitter:label2\" content=\"Tiempo de lectura\" \/>\n\t<meta name=\"twitter:data2\" content=\"3 minutos\" \/>\n<script type=\"application\/ld+json\" class=\"yoast-schema-graph\">{\"@context\":\"https:\\\/\\\/schema.org\",\"@graph\":[{\"@type\":\"Article\",\"@id\":\"https:\\\/\\\/galeriaseltriunfo.com\\\/dev2\\\/tendencia-de-decoracion-que-abraza-la-elegancia-oscura\\\/#article\",\"isPartOf\":{\"@id\":\"https:\\\/\\\/galeriaseltriunfo.com\\\/dev2\\\/tendencia-de-decoracion-que-abraza-la-elegancia-oscura\\\/\"},\"author\":{\"name\":\"soporte7\",\"@id\":\"https:\\\/\\\/galeriaseltriunfo.com\\\/dev2\\\/#\\\/schema\\\/person\\\/1ec244116b2f13082555677162fd13b7\"},\"headline\":\"Tendencia de Decoraci\u00f3n que Abraza la Elegancia Oscura\",\"datePublished\":\"2025-11-28T23:01:26+00:00\",\"dateModified\":\"2026-01-27T18:17:35+00:00\",\"mainEntityOfPage\":{\"@id\":\"https:\\\/\\\/galeriaseltriunfo.com\\\/dev2\\\/tendencia-de-decoracion-que-abraza-la-elegancia-oscura\\\/\"},\"wordCount\":590,\"publisher\":{\"@id\":\"https:\\\/\\\/galeriaseltriunfo.com\\\/dev2\\\/#organization\"},\"image\":{\"@id\":\"https:\\\/\\\/galeriaseltriunfo.com\\\/dev2\\\/tendencia-de-decoracion-que-abraza-la-elegancia-oscura\\\/#primaryimage\"},\"thumbnailUrl\":\"https:\\\/\\\/galeriaseltriunfo.com\\\/dev2\\\/wp-content\\\/uploads\\\/2025\\\/11\\\/blackweekend.png\",\"articleSection\":[\"blog\"],\"inLanguage\":\"es\"},{\"@type\":\"WebPage\",\"@id\":\"https:\\\/\\\/galeriaseltriunfo.com\\\/dev2\\\/tendencia-de-decoracion-que-abraza-la-elegancia-oscura\\\/\",\"url\":\"https:\\\/\\\/galeriaseltriunfo.com\\\/dev2\\\/tendencia-de-decoracion-que-abraza-la-elegancia-oscura\\\/\",\"name\":\"Elegancia Oscura: La Tendencia que Transforma tu Hogar\",\"isPartOf\":{\"@id\":\"https:\\\/\\\/galeriaseltriunfo.com\\\/dev2\\\/#website\"},\"primaryImageOfPage\":{\"@id\":\"https:\\\/\\\/galeriaseltriunfo.com\\\/dev2\\\/tendencia-de-decoracion-que-abraza-la-elegancia-oscura\\\/#primaryimage\"},\"image\":{\"@id\":\"https:\\\/\\\/galeriaseltriunfo.com\\\/dev2\\\/tendencia-de-decoracion-que-abraza-la-elegancia-oscura\\\/#primaryimage\"},\"thumbnailUrl\":\"https:\\\/\\\/galeriaseltriunfo.com\\\/dev2\\\/wp-content\\\/uploads\\\/2025\\\/11\\\/blackweekend.png\",\"datePublished\":\"2025-11-28T23:01:26+00:00\",\"dateModified\":\"2026-01-27T18:17:35+00:00\",\"description\":\"Descubre la tendencia de la \\\"Elegancia Oscura\\\" en decoraci\u00f3n. El negro y tonos medianoche con texturas lujosas y accesorios met\u00e1licos.\",\"breadcrumb\":{\"@id\":\"https:\\\/\\\/galeriaseltriunfo.com\\\/dev2\\\/tendencia-de-decoracion-que-abraza-la-elegancia-oscura\\\/#breadcrumb\"},\"inLanguage\":\"es\",\"potentialAction\":[{\"@type\":\"ReadAction\",\"target\":[\"https:\\\/\\\/galeriaseltriunfo.com\\\/dev2\\\/tendencia-de-decoracion-que-abraza-la-elegancia-oscura\\\/\"]}]},{\"@type\":\"ImageObject\",\"inLanguage\":\"es\",\"@id\":\"https:\\\/\\\/galeriaseltriunfo.com\\\/dev2\\\/tendencia-de-decoracion-que-abraza-la-elegancia-oscura\\\/#primaryimage\",\"url\":\"https:\\\/\\\/galeriaseltriunfo.com\\\/dev2\\\/wp-content\\\/uploads\\\/2025\\\/11\\\/blackweekend.png\",\"contentUrl\":\"https:\\\/\\\/galeriaseltriunfo.com\\\/dev2\\\/wp-content\\\/uploads\\\/2025\\\/11\\\/blackweekend.png\",\"width\":1024,\"height\":1024},{\"@type\":\"BreadcrumbList\",\"@id\":\"https:\\\/\\\/galeriaseltriunfo.com\\\/dev2\\\/tendencia-de-decoracion-que-abraza-la-elegancia-oscura\\\/#breadcrumb\",\"itemListElement\":[{\"@type\":\"ListItem\",\"position\":1,\"name\":\"Inicio\",\"item\":\"https:\\\/\\\/galeriaseltriunfo.com\\\/dev2\\\/\"},{\"@type\":\"ListItem\",\"position\":2,\"name\":\"Tendencia de Decoraci\u00f3n que Abraza la Elegancia Oscura\"}]},{\"@type\":\"WebSite\",\"@id\":\"https:\\\/\\\/galeriaseltriunfo.com\\\/dev2\\\/#website\",\"url\":\"https:\\\/\\\/galeriaseltriunfo.com\\\/dev2\\\/\",\"name\":\"Galer\u00edas el Triunfo\",\"description\":\"Galer\u00edas el Triunfo es una de las tiendas online m\u00e1s grandes de accesorios y art\u00edculos de decoraci\u00f3n para el hogar, el jard\u00edn y la oficina. \u00a1Compra ahora!\",\"publisher\":{\"@id\":\"https:\\\/\\\/galeriaseltriunfo.com\\\/dev2\\\/#organization\"},\"potentialAction\":[{\"@type\":\"SearchAction\",\"target\":{\"@type\":\"EntryPoint\",\"urlTemplate\":\"https:\\\/\\\/galeriaseltriunfo.com\\\/dev2\\\/?s={search_term_string}\"},\"query-input\":{\"@type\":\"PropertyValueSpecification\",\"valueRequired\":true,\"valueName\":\"search_term_string\"}}],\"inLanguage\":\"es\"},{\"@type\":\"Organization\",\"@id\":\"https:\\\/\\\/galeriaseltriunfo.com\\\/dev2\\\/#organization\",\"name\":\"Galer\u00edas el Triunfo\",\"url\":\"https:\\\/\\\/galeriaseltriunfo.com\\\/dev2\\\/\",\"logo\":{\"@type\":\"ImageObject\",\"inLanguage\":\"es\",\"@id\":\"https:\\\/\\\/galeriaseltriunfo.com\\\/dev2\\\/#\\\/schema\\\/logo\\\/image\\\/\",\"url\":\"https:\\\/\\\/galeriaseltriunfo.com\\\/wp-content\\\/uploads\\\/2023\\\/08\\\/logotipo-galerias-fondo-2x-min.webp\",\"contentUrl\":\"https:\\\/\\\/galeriaseltriunfo.com\\\/wp-content\\\/uploads\\\/2023\\\/08\\\/logotipo-galerias-fondo-2x-min.webp\",\"width\":184,\"height\":264,\"caption\":\"Galer\u00edas el Triunfo\"},\"image\":{\"@id\":\"https:\\\/\\\/galeriaseltriunfo.com\\\/dev2\\\/#\\\/schema\\\/logo\\\/image\\\/\"},\"sameAs\":[\"https:\\\/\\\/www.facebook.com\\\/galeriaseltriunfo\",\"https:\\\/\\\/x.com\\\/Gal_El_Triunfo\",\"https:\\\/\\\/www.pinterest.com\\\/GaleriaselTriunfo\",\"https:\\\/\\\/instagram.com\\\/galeriaseltriunfomx\",\"https:\\\/\\\/www.youtube.com\\\/channel\\\/UChIaW2ZBBS4Pg8pkw0HuE7g\",\"https:\\\/\\\/www.tiktok.com\\\/@galeriaseltriunfo\"]},{\"@type\":\"Person\",\"@id\":\"https:\\\/\\\/galeriaseltriunfo.com\\\/dev2\\\/#\\\/schema\\\/person\\\/1ec244116b2f13082555677162fd13b7\",\"name\":\"soporte7\",\"url\":\"https:\\\/\\\/galeriaseltriunfo.com\\\/dev2\\\/author\\\/soporte7\\\/\"}]}<\/script>\n<!-- \/ Yoast SEO plugin. -->","yoast_head_json":{"title":"Elegancia Oscura: La Tendencia que Transforma tu Hogar","description":"Descubre la tendencia de la \"Elegancia Oscura\" en decoraci\u00f3n. El negro y tonos medianoche con texturas lujosas y accesorios met\u00e1licos.","robots":{"index":"index","follow":"follow","max-snippet":"max-snippet:-1","max-image-preview":"max-image-preview:large","max-video-preview":"max-video-preview:-1"},"canonical":"https:\/\/galeriaseltriunfo.com\/dev2\/tendencia-de-decoracion-que-abraza-la-elegancia-oscura\/","og_locale":"es_MX","og_type":"article","og_title":"Elegancia Oscura: La Tendencia que Transforma tu Hogar","og_description":"Descubre la tendencia de la \"Elegancia Oscura\" en decoraci\u00f3n. El negro y tonos medianoche con texturas lujosas y accesorios met\u00e1licos.","og_url":"https:\/\/galeriaseltriunfo.com\/dev2\/tendencia-de-decoracion-que-abraza-la-elegancia-oscura\/","og_site_name":"Galer\u00edas el Triunfo","article_publisher":"https:\/\/www.facebook.com\/galeriaseltriunfo","article_published_time":"2025-11-28T23:01:26+00:00","article_modified_time":"2026-01-27T18:17:35+00:00","og_image":[{"width":1024,"height":1024,"url":"https:\/\/galeriaseltriunfo.com\/dev2\/wp-content\/uploads\/2025\/11\/blackweekend.png","type":"image\/png"}],"author":"soporte7","twitter_card":"summary_large_image","twitter_creator":"@Gal_El_Triunfo","twitter_site":"@Gal_El_Triunfo","twitter_misc":{"Escrito por":"soporte7","Tiempo de lectura":"3 minutos"},"schema":{"@context":"https:\/\/schema.org","@graph":[{"@type":"Article","@id":"https:\/\/galeriaseltriunfo.com\/dev2\/tendencia-de-decoracion-que-abraza-la-elegancia-oscura\/#article","isPartOf":{"@id":"https:\/\/galeriaseltriunfo.com\/dev2\/tendencia-de-decoracion-que-abraza-la-elegancia-oscura\/"},"author":{"name":"soporte7","@id":"https:\/\/galeriaseltriunfo.com\/dev2\/#\/schema\/person\/1ec244116b2f13082555677162fd13b7"},"headline":"Tendencia de Decoraci\u00f3n que Abraza la Elegancia Oscura","datePublished":"2025-11-28T23:01:26+00:00","dateModified":"2026-01-27T18:17:35+00:00","mainEntityOfPage":{"@id":"https:\/\/galeriaseltriunfo.com\/dev2\/tendencia-de-decoracion-que-abraza-la-elegancia-oscura\/"},"wordCount":590,"publisher":{"@id":"https:\/\/galeriaseltriunfo.com\/dev2\/#organization"},"image":{"@id":"https:\/\/galeriaseltriunfo.com\/dev2\/tendencia-de-decoracion-que-abraza-la-elegancia-oscura\/#primaryimage"},"thumbnailUrl":"https:\/\/galeriaseltriunfo.com\/dev2\/wp-content\/uploads\/2025\/11\/blackweekend.png","articleSection":["blog"],"inLanguage":"es"},{"@type":"WebPage","@id":"https:\/\/galeriaseltriunfo.com\/dev2\/tendencia-de-decoracion-que-abraza-la-elegancia-oscura\/","url":"https:\/\/galeriaseltriunfo.com\/dev2\/tendencia-de-decoracion-que-abraza-la-elegancia-oscura\/","name":"Elegancia Oscura: La Tendencia que Transforma tu Hogar","isPartOf":{"@id":"https:\/\/galeriaseltriunfo.com\/dev2\/#website"},"primaryImageOfPage":{"@id":"https:\/\/galeriaseltriunfo.com\/dev2\/tendencia-de-decoracion-que-abraza-la-elegancia-oscura\/#primaryimage"},"image":{"@id":"https:\/\/galeriaseltriunfo.com\/dev2\/tendencia-de-decoracion-que-abraza-la-elegancia-oscura\/#primaryimage"},"thumbnailUrl":"https:\/\/galeriaseltriunfo.com\/dev2\/wp-content\/uploads\/2025\/11\/blackweekend.png","datePublished":"2025-11-28T23:01:26+00:00","dateModified":"2026-01-27T18:17:35+00:00","description":"Descubre la tendencia de la \"Elegancia Oscura\" en decoraci\u00f3n. El negro y tonos medianoche con texturas lujosas y accesorios met\u00e1licos.","breadcrumb":{"@id":"https:\/\/galeriaseltriunfo.com\/dev2\/tendencia-de-decoracion-que-abraza-la-elegancia-oscura\/#breadcrumb"},"inLanguage":"es","potentialAction":[{"@type":"ReadAction","target":["https:\/\/galeriaseltriunfo.com\/dev2\/tendencia-de-decoracion-que-abraza-la-elegancia-oscura\/"]}]},{"@type":"ImageObject","inLanguage":"es","@id":"https:\/\/galeriaseltriunfo.com\/dev2\/tendencia-de-decoracion-que-abraza-la-elegancia-oscura\/#primaryimage","url":"https:\/\/galeriaseltriunfo.com\/dev2\/wp-content\/uploads\/2025\/11\/blackweekend.png","contentUrl":"https:\/\/galeriaseltriunfo.com\/dev2\/wp-content\/uploads\/2025\/11\/blackweekend.png","width":1024,"height":1024},{"@type":"BreadcrumbList","@id":"https:\/\/galeriaseltriunfo.com\/dev2\/tendencia-de-decoracion-que-abraza-la-elegancia-oscura\/#breadcrumb","itemListElement":[{"@type":"ListItem","position":1,"name":"Inicio","item":"https:\/\/galeriaseltriunfo.com\/dev2\/"},{"@type":"ListItem","position":2,"name":"Tendencia de Decoraci\u00f3n que Abraza la Elegancia Oscura"}]},{"@type":"WebSite","@id":"https:\/\/galeriaseltriunfo.com\/dev2\/#website","url":"https:\/\/galeriaseltriunfo.com\/dev2\/","name":"Galer\u00edas el Triunfo","description":"Galer\u00edas el Triunfo es una de las tiendas online m\u00e1s grandes de accesorios y art\u00edculos de decoraci\u00f3n para el hogar, el jard\u00edn y la oficina. \u00a1Compra ahora!","publisher":{"@id":"https:\/\/galeriaseltriunfo.com\/dev2\/#organization"},"potentialAction":[{"@type":"SearchAction","target":{"@type":"EntryPoint","urlTemplate":"https:\/\/galeriaseltriunfo.com\/dev2\/?s={search_term_string}"},"query-input":{"@type":"PropertyValueSpecification","valueRequired":true,"valueName":"search_term_string"}}],"inLanguage":"es"},{"@type":"Organization","@id":"https:\/\/galeriaseltriunfo.com\/dev2\/#organization","name":"Galer\u00edas el Triunfo","url":"https:\/\/galeriaseltriunfo.com\/dev2\/","logo":{"@type":"ImageObject","inLanguage":"es","@id":"https:\/\/galeriaseltriunfo.com\/dev2\/#\/schema\/logo\/image\/","url":"https:\/\/galeriaseltriunfo.com\/wp-content\/uploads\/2023\/08\/logotipo-galerias-fondo-2x-min.webp","contentUrl":"https:\/\/galeriaseltriunfo.com\/wp-content\/uploads\/2023\/08\/logotipo-galerias-fondo-2x-min.webp","width":184,"height":264,"caption":"Galer\u00edas el Triunfo"},"image":{"@id":"https:\/\/galeriaseltriunfo.com\/dev2\/#\/schema\/logo\/image\/"},"sameAs":["https:\/\/www.facebook.com\/galeriaseltriunfo","https:\/\/x.com\/Gal_El_Triunfo","https:\/\/www.pinterest.com\/GaleriaselTriunfo","https:\/\/instagram.com\/galeriaseltriunfomx","https:\/\/www.youtube.com\/channel\/UChIaW2ZBBS4Pg8pkw0HuE7g","https:\/\/www.tiktok.com\/@galeriaseltriunfo"]},{"@type":"Person","@id":"https:\/\/galeriaseltriunfo.com\/dev2\/#\/schema\/person\/1ec244116b2f13082555677162fd13b7","name":"soporte7","url":"https:\/\/galeriaseltriunfo.com\/dev2\/author\/soporte7\/"}]}},"_links":{"self":[{"href":"https:\/\/galeriaseltriunfo.com\/dev2\/wp-json\/wp\/v2\/posts\/478119","targetHints":{"allow":["GET"]}}],"collection":[{"href":"https:\/\/galeriaseltriunfo.com\/dev2\/wp-json\/wp\/v2\/posts"}],"about":[{"href":"https:\/\/galeriaseltriunfo.com\/dev2\/wp-json\/wp\/v2\/types\/post"}],"author":[{"embeddable":true,"href":"https:\/\/galeriaseltriunfo.com\/dev2\/wp-json\/wp\/v2\/users\/2479"}],"replies":[{"embeddable":true,"href":"https:\/\/galeriaseltriunfo.com\/dev2\/wp-json\/wp\/v2\/comments?post=478119"}],"version-history":[{"count":5,"href":"https:\/\/galeriaseltriunfo.com\/dev2\/wp-json\/wp\/v2\/posts\/478119\/revisions"}],"predecessor-version":[{"id":484096,"href":"https:\/\/galeriaseltriunfo.com\/dev2\/wp-json\/wp\/v2\/posts\/478119\/revisions\/484096"}],"wp:featuredmedia":[{"embeddable":true,"href":"https:\/\/galeriaseltriunfo.com\/dev2\/wp-json\/wp\/v2\/media\/478123"}],"wp:attachment":[{"href":"https:\/\/galeriaseltriunfo.com\/dev2\/wp-json\/wp\/v2\/media?parent=478119"}],"wp:term":[{"taxonomy":"category","embeddable":true,"href":"https:\/\/galeriaseltriunfo.com\/dev2\/wp-json\/wp\/v2\/categories?post=478119"},{"taxonomy":"post_tag","embeddable":true,"href":"https:\/\/galeriaseltriunfo.com\/dev2\/wp-json\/wp\/v2\/tags?post=478119"}],"curies":[{"name":"wp","href":"https:\/\/api.w.org\/{rel}","templated":true}]}}